{"id":2268,"date":"2022-09-12T23:45:00","date_gmt":"2022-09-12T23:45:00","guid":{"rendered":"https:\/\/devotion.es\/?p=2268"},"modified":"2022-10-16T21:21:51","modified_gmt":"2022-10-16T21:21:51","slug":"septiembre-el-mes-de-la-moda","status":"publish","type":"post","link":"https:\/\/devotion.es\/?p=2268","title":{"rendered":"Septiembre el mes de la moda"},"content":{"rendered":"\n<p class=\"has-drop-cap is-cnvs-dropcap-bordered wp-block-paragraph\">El mes de los inicios y&nbsp; el m\u00e1s esperado, dado que Madrid acoje su 74\u00ba edici\u00f3n de la MBFWMADRID. Estoy emocionada, quer\u00eda develar&nbsp; toda la informaci\u00f3n y ponerte en contexto sobre nuevas tendencias y noticias que surgen a ra\u00edz de la <a href=\"https:\/\/www.ifema.es\/mbfw-madrid\" target=\"_blank\" rel=\"noreferrer noopener\">Mecedes Benz Fashion Week<\/a>.<\/p>\n\n\n\n<p class=\"wp-block-paragraph\">Lo 1\u00ba, ya tenemos fechas exactas que tendr\u00e1n lugar desde el jueves 16 de septiembre de 2021 al 19 de septiembre de 2021&nbsp; te dejo aqu\u00ed el<a href=\"https:\/\/www.ifema.es\/mbfw-madrid\/agenda#sep-13\" target=\"_blank\" rel=\"noreferrer noopener\"> link del calendario oficial<\/a><\/p>\n\n\n\n<p class=\"wp-block-paragraph\">No te lo pierdas por que se reincorporan nombres reconocidos en el sector. Siempre hay sorpresas en cada edici\u00f3n. Esta vez continuando con su objetivo de expasi\u00f3n de la moda a nivel mundial se llevara a cabo una colaboraboraci\u00f3n con <a href=\"https:\/\/mbfw.berlin\/\" target=\"_blank\" rel=\"noreferrer noopener\">MBFWBerlin<\/a> donde se emitir\u00e1 en streaming los desfiles de Madrid.<\/p>\n\n\n\n<p class=\"wp-block-paragraph\"><\/p>\n\n\n\n<figure class=\"wp-block-gallery has-nested-images columns-2 is-cropped wp-block-gallery-1 is-layout-flex wp-block-gallery-is-layout-flex\">\n<figure class=\"wp-block-image size-full\"><img loading=\"lazy\" decoding=\"async\" width=\"1897\" height=\"2560\" data-id=\"2274\" src=\"https:\/\/devotion.es\/wp-content\/uploads\/2022\/10\/cuero-3-blog-scaled.jpg\" alt=\"\" class=\"wp-image-2274\" srcset=\"https:\/\/devotion.es\/wp-content\/uploads\/2022\/10\/cuero-3-blog-scaled.jpg 1897w, https:\/\/devotion.es\/wp-content\/uploads\/2022\/10\/cuero-3-blog-800x1080.jpg 800w, https:\/\/devotion.es\/wp-content\/uploads\/2022\/10\/cuero-3-blog-1160x1566.jpg 1160w, https:\/\/devotion.es\/wp-content\/uploads\/2022\/10\/cuero-3-blog-1138x1536.jpg 1138w, https:\/\/devotion.es\/wp-content\/uploads\/2022\/10\/cuero-3-blog-1517x2048.jpg 1517w, https:\/\/devotion.es\/wp-content\/uploads\/2022\/10\/cuero-3-blog-120x162.jpg 120w, https:\/\/devotion.es\/wp-content\/uploads\/2022\/10\/cuero-3-blog-90x120.jpg 90w, https:\/\/devotion.es\/wp-content\/uploads\/2022\/10\/cuero-3-blog-320x432.jpg 320w, https:\/\/devotion.es\/wp-content\/uploads\/2022\/10\/cuero-3-blog-560x756.jpg 560w, https:\/\/devotion.es\/wp-content\/uploads\/2022\/10\/cuero-3-blog-1920x2592.jpg 1920w\" sizes=\"auto, (max-width: 1897px) 100vw, 1897px\" \/><\/figure>\n\n\n\n<figure class=\"wp-block-image size-full\"><img loading=\"lazy\" decoding=\"async\" width=\"1897\" height=\"2560\" data-id=\"2275\" src=\"https:\/\/devotion.es\/wp-content\/uploads\/2022\/10\/cuero-4-blog-scaled.jpg\" alt=\"\" class=\"wp-image-2275\" srcset=\"https:\/\/devotion.es\/wp-content\/uploads\/2022\/10\/cuero-4-blog-scaled.jpg 1897w, https:\/\/devotion.es\/wp-content\/uploads\/2022\/10\/cuero-4-blog-800x1080.jpg 800w, https:\/\/devotion.es\/wp-content\/uploads\/2022\/10\/cuero-4-blog-1160x1566.jpg 1160w, https:\/\/devotion.es\/wp-content\/uploads\/2022\/10\/cuero-4-blog-1138x1536.jpg 1138w, https:\/\/devotion.es\/wp-content\/uploads\/2022\/10\/cuero-4-blog-1517x2048.jpg 1517w, https:\/\/devotion.es\/wp-content\/uploads\/2022\/10\/cuero-4-blog-120x162.jpg 120w, https:\/\/devotion.es\/wp-content\/uploads\/2022\/10\/cuero-4-blog-90x120.jpg 90w, https:\/\/devotion.es\/wp-content\/uploads\/2022\/10\/cuero-4-blog-320x432.jpg 320w, https:\/\/devotion.es\/wp-content\/uploads\/2022\/10\/cuero-4-blog-560x756.jpg 560w, https:\/\/devotion.es\/wp-content\/uploads\/2022\/10\/cuero-4-blog-1920x2592.jpg 1920w\" sizes=\"auto, (max-width: 1897px) 100vw, 1897px\" \/><\/figure>\n<\/figure>\n\n\n\n<p class=\"wp-block-paragraph\">Ahora bien Angel, \u00bfA qu\u00e9 viene este estilismo leather total black ? Precisamente esta ser\u00e1 una de las grandes tendencias, ya que esta dejando de ser&nbsp; solo un tejido para el frio, se esta incorporando a la temporada veraniega con tops , vestidos , shorts. Este a\u00f1o se reinventa y pasar\u00e1 a ser marr\u00f3n bord\u00f3 o verde como se vio en el Pret-A-Porter de la colecci\u00f3n de <em>Alexander Mc Queen en 2020 o Balma\u00edn.<\/em><\/p>\n\n\n\n<p class=\"wp-block-paragraph\"><\/p>\n\n\n\n<figure class=\"wp-block-gallery aligncenter has-nested-images columns-default is-cropped wp-block-gallery-2 is-layout-flex wp-block-gallery-is-layout-flex\">\n<figure class=\"wp-block-image size-full\"><img loading=\"lazy\" decoding=\"async\" width=\"1897\" height=\"2560\" data-id=\"2273\" src=\"https:\/\/devotion.es\/wp-content\/uploads\/2022\/10\/cuero-2-blog-scaled.jpg\" alt=\"\" class=\"wp-image-2273\" srcset=\"https:\/\/devotion.es\/wp-content\/uploads\/2022\/10\/cuero-2-blog-scaled.jpg 1897w, https:\/\/devotion.es\/wp-content\/uploads\/2022\/10\/cuero-2-blog-800x1080.jpg 800w, https:\/\/devotion.es\/wp-content\/uploads\/2022\/10\/cuero-2-blog-1160x1566.jpg 1160w, https:\/\/devotion.es\/wp-content\/uploads\/2022\/10\/cuero-2-blog-1138x1536.jpg 1138w, https:\/\/devotion.es\/wp-content\/uploads\/2022\/10\/cuero-2-blog-1517x2048.jpg 1517w, https:\/\/devotion.es\/wp-content\/uploads\/2022\/10\/cuero-2-blog-120x162.jpg 120w, https:\/\/devotion.es\/wp-content\/uploads\/2022\/10\/cuero-2-blog-90x120.jpg 90w, https:\/\/devotion.es\/wp-content\/uploads\/2022\/10\/cuero-2-blog-320x432.jpg 320w, https:\/\/devotion.es\/wp-content\/uploads\/2022\/10\/cuero-2-blog-560x756.jpg 560w, https:\/\/devotion.es\/wp-content\/uploads\/2022\/10\/cuero-2-blog-1920x2592.jpg 1920w\" sizes=\"auto, (max-width: 1897px) 100vw, 1897px\" \/><\/figure>\n\n\n\n<figure class=\"wp-block-image size-full\"><img loading=\"lazy\" decoding=\"async\" width=\"1897\" height=\"2560\" data-id=\"2272\" src=\"https:\/\/devotion.es\/wp-content\/uploads\/2022\/10\/cuero-1-blog-scaled.jpg\" alt=\"\" class=\"wp-image-2272\" srcset=\"https:\/\/devotion.es\/wp-content\/uploads\/2022\/10\/cuero-1-blog-scaled.jpg 1897w, https:\/\/devotion.es\/wp-content\/uploads\/2022\/10\/cuero-1-blog-800x1080.jpg 800w, https:\/\/devotion.es\/wp-content\/uploads\/2022\/10\/cuero-1-blog-1160x1566.jpg 1160w, https:\/\/devotion.es\/wp-content\/uploads\/2022\/10\/cuero-1-blog-1138x1536.jpg 1138w, https:\/\/devotion.es\/wp-content\/uploads\/2022\/10\/cuero-1-blog-1517x2048.jpg 1517w, https:\/\/devotion.es\/wp-content\/uploads\/2022\/10\/cuero-1-blog-120x162.jpg 120w, https:\/\/devotion.es\/wp-content\/uploads\/2022\/10\/cuero-1-blog-90x120.jpg 90w, https:\/\/devotion.es\/wp-content\/uploads\/2022\/10\/cuero-1-blog-320x432.jpg 320w, https:\/\/devotion.es\/wp-content\/uploads\/2022\/10\/cuero-1-blog-560x756.jpg 560w, https:\/\/devotion.es\/wp-content\/uploads\/2022\/10\/cuero-1-blog-1920x2592.jpg 1920w\" sizes=\"auto, (max-width: 1897px) 100vw, 1897px\" \/><\/figure>\n<\/figure>\n\n\n\n<p class=\"wp-block-paragraph\"><em>Un tip fashionista este tejido ser\u00e1 un Must Have, el cuero es una prenda muy vers\u00e1til y favorecedora.<\/em> Aqu\u00ed te dejo un estilismo sobre como usarlo chaqueta de cuero anudada y botas de cuero con apliques dorados, Un look perfecto para un uso de d\u00eda y de noche.<\/p>\n\n\n\n<p class=\"wp-block-paragraph\"><\/p>\n","protected":false},"excerpt":{"rendered":"<p>El mes de los inicios y&nbsp; el m\u00e1s esperado, dado que Madrid acoje su 74\u00ba edici\u00f3n de la MBFWMADRID. Estoy emocionada, quer\u00eda develar&nbsp; toda la informaci\u00f3n y ponerte en contexto&hellip;<\/p>\n","protected":false},"author":1,"featured_media":2274,"comment_status":"open","ping_status":"open","sticky":true,"template":"","format":"standard","meta":{"_monsterinsights_skip_tracking":false,"_monsterinsights_sitenote_active":false,"_monsterinsights_sitenote_note":"","_monsterinsights_sitenote_category":0,"footnotes":""},"categories":[10],"tags":[],"powerkit_post_featured":[],"class_list":["post-2268","post","type-post","status-publish","format-standard","has-post-thumbnail","category-lifestyle"],"aioseo_notices":[],"_links":{"self":[{"href":"https:\/\/devotion.es\/index.php?rest_route=\/wp\/v2\/posts\/2268","targetHints":{"allow":["GET"]}}],"collection":[{"href":"https:\/\/devotion.es\/index.php?rest_route=\/wp\/v2\/posts"}],"about":[{"href":"https:\/\/devotion.es\/index.php?rest_route=\/wp\/v2\/types\/post"}],"author":[{"embeddable":true,"href":"https:\/\/devotion.es\/index.php?rest_route=\/wp\/v2\/users\/1"}],"replies":[{"embeddable":true,"href":"https:\/\/devotion.es\/index.php?rest_route=%2Fwp%2Fv2%2Fcomments&post=2268"}],"version-history":[{"count":5,"href":"https:\/\/devotion.es\/index.php?rest_route=\/wp\/v2\/posts\/2268\/revisions"}],"predecessor-version":[{"id":2451,"href":"https:\/\/devotion.es\/index.php?rest_route=\/wp\/v2\/posts\/2268\/revisions\/2451"}],"wp:featuredmedia":[{"embeddable":true,"href":"https:\/\/devotion.es\/index.php?rest_route=\/wp\/v2\/media\/2274"}],"wp:attachment":[{"href":"https:\/\/devotion.es\/index.php?rest_route=%2Fwp%2Fv2%2Fmedia&parent=2268"}],"wp:term":[{"taxonomy":"category","embeddable":true,"href":"https:\/\/devotion.es\/index.php?rest_route=%2Fwp%2Fv2%2Fcategories&post=2268"},{"taxonomy":"post_tag","embeddable":true,"href":"https:\/\/devotion.es\/index.php?rest_route=%2Fwp%2Fv2%2Ftags&post=2268"},{"taxonomy":"powerkit_post_featured","embeddable":true,"href":"https:\/\/devotion.es\/index.php?rest_route=%2Fwp%2Fv2%2Fpowerkit_post_featured&post=2268"}],"curies":[{"name":"wp","href":"https:\/\/api.w.org\/{rel}","templated":true}]}}