{"id":2387,"date":"2022-09-17T22:07:00","date_gmt":"2022-09-17T22:07:00","guid":{"rendered":"https:\/\/devotion.es\/?p=2387"},"modified":"2022-10-16T21:48:46","modified_gmt":"2022-10-16T21:48:46","slug":"pilar-dalvat","status":"publish","type":"post","link":"https:\/\/devotion.es\/?p=2387","title":{"rendered":"Pilar Dalbat"},"content":{"rendered":"<div class=\"has-text-align-center wp-block-post-date has-medium-font-size\"><time datetime=\"2022-09-17T22:07:00+00:00\">17 de septiembre de 2022<\/time><\/div>\n\n\n<div class=\"wp-block-cover has-custom-content-position is-position-bottom-center\" style=\"min-height:247px;aspect-ratio:unset;\"><span aria-hidden=\"true\" class=\"wp-block-cover__background has-background-dim\"><\/span><img loading=\"lazy\" decoding=\"async\" width=\"800\" height=\"1200\" class=\"wp-block-cover__image-background wp-image-2522\" alt=\"\" src=\"https:\/\/devotion.es\/wp-content\/uploads\/2022\/09\/PS22_Pilar_Dalbat_1122.jpg\" style=\"object-position:51% 15%\" data-object-fit=\"cover\" data-object-position=\"51% 15%\" srcset=\"https:\/\/devotion.es\/wp-content\/uploads\/2022\/09\/PS22_Pilar_Dalbat_1122.jpg 800w, https:\/\/devotion.es\/wp-content\/uploads\/2022\/09\/PS22_Pilar_Dalbat_1122-120x180.jpg 120w, https:\/\/devotion.es\/wp-content\/uploads\/2022\/09\/PS22_Pilar_Dalbat_1122-90x135.jpg 90w, https:\/\/devotion.es\/wp-content\/uploads\/2022\/09\/PS22_Pilar_Dalbat_1122-320x480.jpg 320w, https:\/\/devotion.es\/wp-content\/uploads\/2022\/09\/PS22_Pilar_Dalbat_1122-560x840.jpg 560w\" sizes=\"auto, (max-width: 800px) 100vw, 800px\" \/><div class=\"wp-block-cover__inner-container is-layout-flow wp-block-cover-is-layout-flow\">\n<p class=\"has-drop-cap is-cnvs-dropcap-bg-light has-secondary-color has-text-color wp-block-paragraph\">La colecci\u00f3n S\u00f3lido Capaz de Pilar Dalbat, firma andaluza, desfil\u00f3 en el COAM, colegio oficial de Arquitectos de Madrid una localizaci\u00f3n id\u00f3nea ya que su nueva colecci\u00f3n esta fusionada con la arquitectura, su sello identificativo.<\/p>\n<\/div><\/div>\n\n\n\n<p class=\"wp-block-paragraph\">Qu\u00e9 significa s\u00f3lido capaz? tiene mucho que ver con los trabajos de restauraci\u00f3n de la muralla nazar\u00ed de granada, que sirvi\u00f3 de inspiraci\u00f3n a la dise\u00f1adora Pilar y su equipo para transformarlo en una filosof\u00eda de trabajo y producci\u00f3n.<\/p>\n\n\n\n<p class=\"wp-block-paragraph\">Este concepto aplicado al mundo del dise\u00f1o se materializa de la siguiente manera; cuando falte una parte se debe rehacer procurando darle una imagen de continuidad.<\/p>\n\n\n\n<p class=\"wp-block-paragraph\">De acuerdo con la escencia &nbsp;de la marca y las ra\u00edces granadinas de la creadora, prevalece la defensa de la moda de autor, 100% Made in Spain y apostando por el &nbsp;slow fashion que representan valores como el respeto por el medioambiente, las personas y los animales.<\/p>\n\n\n\n<p class=\"wp-block-paragraph\">Una colecci\u00f3n rica colores, elegidos en consonancia con el lugar, escalas de grises, arenas, aguas marinas, amarillos vibrantes, crudos y blancos.<\/p>\n\n\n\n<p class=\"wp-block-paragraph\">En total 32 estilos, donde los vol\u00famenes generan armon\u00eda con la paleta de colores abstracta. Combinaciones de gazar de lino desflecados con tules de gliter, plisados y tafetas.<\/p>\n\n\n\n<p class=\"wp-block-paragraph\">Tambi\u00e9n se incluyeron se\u00f1as identificativas de la firma como las capas tricolores adapt\u00e1ndolas a la primavera.<\/p>\n\n\n\n<p class=\"wp-block-paragraph\">\u00bfC\u00f3mo logr\u00f3 la dise\u00f1adora para hacer dichas capas mas flu\u00eddas ? Aplicando tejidos metalizados, a\u00f1adiendo tafetas en verde lima, crepes y fantas\u00eda.  <\/p>\n\n\n\n<p class=\"wp-block-paragraph\">Los looks de noche tambi\u00e9n cobraron vidaen el desfile.  El brillo, las transparencias y plisados los fueron los  protagonistas. Tambien pudimos apreciartejidos curiosos como el neopreno para dar contraste y faldas bordadas con metacrilato y la incorporaci\u00f3nde  piezas infalibles como chalecos y vestidos.<\/p>\n\n\n\n<p class=\"wp-block-paragraph\">\u00a0As\u00ed es la colecci\u00f3n S\u00f3lido capaz , impregnada de arte, creatividad cultura y ra\u00edces. <\/p>\n\n\n\n<figure class=\"wp-block-gallery has-nested-images columns-4 is-cropped wp-block-gallery-1 is-layout-flex wp-block-gallery-is-layout-flex\">\n<figure class=\"wp-block-image size-large\"><a href=\"https:\/\/devotion.es\/wp-content\/uploads\/2022\/09\/Mamen_BG-42-1000x1500-1.jpg\"><img loading=\"lazy\" decoding=\"async\" width=\"1000\" height=\"1500\" data-id=\"2521\" src=\"https:\/\/devotion.es\/wp-content\/uploads\/2022\/09\/Mamen_BG-42-1000x1500-1.jpg\" alt=\"\" class=\"wp-image-2521\" srcset=\"https:\/\/devotion.es\/wp-content\/uploads\/2022\/09\/Mamen_BG-42-1000x1500-1.jpg 1000w, https:\/\/devotion.es\/wp-content\/uploads\/2022\/09\/Mamen_BG-42-1000x1500-1-800x1200.jpg 800w, https:\/\/devotion.es\/wp-content\/uploads\/2022\/09\/Mamen_BG-42-1000x1500-1-120x180.jpg 120w, https:\/\/devotion.es\/wp-content\/uploads\/2022\/09\/Mamen_BG-42-1000x1500-1-90x135.jpg 90w, https:\/\/devotion.es\/wp-content\/uploads\/2022\/09\/Mamen_BG-42-1000x1500-1-320x480.jpg 320w, https:\/\/devotion.es\/wp-content\/uploads\/2022\/09\/Mamen_BG-42-1000x1500-1-560x840.jpg 560w\" sizes=\"auto, (max-width: 1000px) 100vw, 1000px\" \/><\/a><\/figure>\n\n\n\n<figure class=\"wp-block-image size-large\"><a href=\"https:\/\/devotion.es\/wp-content\/uploads\/2022\/09\/Mamen_BG-37-1000x1500-1.jpg\"><img loading=\"lazy\" decoding=\"async\" width=\"1000\" height=\"1500\" data-id=\"2520\" src=\"https:\/\/devotion.es\/wp-content\/uploads\/2022\/09\/Mamen_BG-37-1000x1500-1.jpg\" alt=\"\" class=\"wp-image-2520\" srcset=\"https:\/\/devotion.es\/wp-content\/uploads\/2022\/09\/Mamen_BG-37-1000x1500-1.jpg 1000w, https:\/\/devotion.es\/wp-content\/uploads\/2022\/09\/Mamen_BG-37-1000x1500-1-800x1200.jpg 800w, https:\/\/devotion.es\/wp-content\/uploads\/2022\/09\/Mamen_BG-37-1000x1500-1-120x180.jpg 120w, https:\/\/devotion.es\/wp-content\/uploads\/2022\/09\/Mamen_BG-37-1000x1500-1-90x135.jpg 90w, https:\/\/devotion.es\/wp-content\/uploads\/2022\/09\/Mamen_BG-37-1000x1500-1-320x480.jpg 320w, https:\/\/devotion.es\/wp-content\/uploads\/2022\/09\/Mamen_BG-37-1000x1500-1-560x840.jpg 560w\" sizes=\"auto, (max-width: 1000px) 100vw, 1000px\" \/><\/a><\/figure>\n\n\n\n<figure class=\"wp-block-image size-large\"><a href=\"https:\/\/devotion.es\/wp-content\/uploads\/2022\/09\/Mamen_BG-33-1000x1500-1.jpg\"><img loading=\"lazy\" decoding=\"async\" width=\"1000\" height=\"1500\" data-id=\"2519\" src=\"https:\/\/devotion.es\/wp-content\/uploads\/2022\/09\/Mamen_BG-33-1000x1500-1.jpg\" alt=\"\" class=\"wp-image-2519\" srcset=\"https:\/\/devotion.es\/wp-content\/uploads\/2022\/09\/Mamen_BG-33-1000x1500-1.jpg 1000w, https:\/\/devotion.es\/wp-content\/uploads\/2022\/09\/Mamen_BG-33-1000x1500-1-800x1200.jpg 800w, https:\/\/devotion.es\/wp-content\/uploads\/2022\/09\/Mamen_BG-33-1000x1500-1-120x180.jpg 120w, https:\/\/devotion.es\/wp-content\/uploads\/2022\/09\/Mamen_BG-33-1000x1500-1-90x135.jpg 90w, https:\/\/devotion.es\/wp-content\/uploads\/2022\/09\/Mamen_BG-33-1000x1500-1-320x480.jpg 320w, https:\/\/devotion.es\/wp-content\/uploads\/2022\/09\/Mamen_BG-33-1000x1500-1-560x840.jpg 560w\" sizes=\"auto, (max-width: 1000px) 100vw, 1000px\" \/><\/a><\/figure>\n\n\n\n<figure class=\"wp-block-image size-large\"><a href=\"https:\/\/devotion.es\/wp-content\/uploads\/2022\/09\/Mamen_BG-29-1000x1500-1.jpg\"><img loading=\"lazy\" decoding=\"async\" width=\"1000\" height=\"1500\" data-id=\"2518\" src=\"https:\/\/devotion.es\/wp-content\/uploads\/2022\/09\/Mamen_BG-29-1000x1500-1.jpg\" alt=\"\" class=\"wp-image-2518\" srcset=\"https:\/\/devotion.es\/wp-content\/uploads\/2022\/09\/Mamen_BG-29-1000x1500-1.jpg 1000w, https:\/\/devotion.es\/wp-content\/uploads\/2022\/09\/Mamen_BG-29-1000x1500-1-800x1200.jpg 800w, https:\/\/devotion.es\/wp-content\/uploads\/2022\/09\/Mamen_BG-29-1000x1500-1-120x180.jpg 120w, https:\/\/devotion.es\/wp-content\/uploads\/2022\/09\/Mamen_BG-29-1000x1500-1-90x135.jpg 90w, https:\/\/devotion.es\/wp-content\/uploads\/2022\/09\/Mamen_BG-29-1000x1500-1-320x480.jpg 320w, https:\/\/devotion.es\/wp-content\/uploads\/2022\/09\/Mamen_BG-29-1000x1500-1-560x840.jpg 560w\" sizes=\"auto, (max-width: 1000px) 100vw, 1000px\" \/><\/a><\/figure>\n\n\n\n<figure class=\"wp-block-image size-large\"><a href=\"https:\/\/devotion.es\/wp-content\/uploads\/2022\/09\/Mamen_BG-23-1000x1500-1.jpg\"><img loading=\"lazy\" decoding=\"async\" width=\"1000\" height=\"1500\" data-id=\"2517\" src=\"https:\/\/devotion.es\/wp-content\/uploads\/2022\/09\/Mamen_BG-23-1000x1500-1.jpg\" alt=\"\" class=\"wp-image-2517\" srcset=\"https:\/\/devotion.es\/wp-content\/uploads\/2022\/09\/Mamen_BG-23-1000x1500-1.jpg 1000w, https:\/\/devotion.es\/wp-content\/uploads\/2022\/09\/Mamen_BG-23-1000x1500-1-800x1200.jpg 800w, https:\/\/devotion.es\/wp-content\/uploads\/2022\/09\/Mamen_BG-23-1000x1500-1-120x180.jpg 120w, https:\/\/devotion.es\/wp-content\/uploads\/2022\/09\/Mamen_BG-23-1000x1500-1-90x135.jpg 90w, https:\/\/devotion.es\/wp-content\/uploads\/2022\/09\/Mamen_BG-23-1000x1500-1-320x480.jpg 320w, https:\/\/devotion.es\/wp-content\/uploads\/2022\/09\/Mamen_BG-23-1000x1500-1-560x840.jpg 560w\" sizes=\"auto, (max-width: 1000px) 100vw, 1000px\" \/><\/a><\/figure>\n\n\n\n<figure class=\"wp-block-image size-large\"><a href=\"https:\/\/devotion.es\/wp-content\/uploads\/2022\/09\/Mamen_BG-4-1-1000x1500-1.jpg\"><img loading=\"lazy\" decoding=\"async\" width=\"1000\" height=\"1500\" data-id=\"2514\" src=\"https:\/\/devotion.es\/wp-content\/uploads\/2022\/09\/Mamen_BG-4-1-1000x1500-1.jpg\" alt=\"\" class=\"wp-image-2514\" srcset=\"https:\/\/devotion.es\/wp-content\/uploads\/2022\/09\/Mamen_BG-4-1-1000x1500-1.jpg 1000w, https:\/\/devotion.es\/wp-content\/uploads\/2022\/09\/Mamen_BG-4-1-1000x1500-1-800x1200.jpg 800w, https:\/\/devotion.es\/wp-content\/uploads\/2022\/09\/Mamen_BG-4-1-1000x1500-1-120x180.jpg 120w, https:\/\/devotion.es\/wp-content\/uploads\/2022\/09\/Mamen_BG-4-1-1000x1500-1-90x135.jpg 90w, https:\/\/devotion.es\/wp-content\/uploads\/2022\/09\/Mamen_BG-4-1-1000x1500-1-320x480.jpg 320w, https:\/\/devotion.es\/wp-content\/uploads\/2022\/09\/Mamen_BG-4-1-1000x1500-1-560x840.jpg 560w\" sizes=\"auto, (max-width: 1000px) 100vw, 1000px\" \/><\/a><\/figure>\n\n\n\n<figure class=\"wp-block-image size-large\"><a href=\"https:\/\/devotion.es\/wp-content\/uploads\/2022\/09\/Mamen_BG-8-1000x1500-1.jpg\"><img loading=\"lazy\" decoding=\"async\" width=\"1000\" height=\"1500\" data-id=\"2515\" src=\"https:\/\/devotion.es\/wp-content\/uploads\/2022\/09\/Mamen_BG-8-1000x1500-1.jpg\" alt=\"\" class=\"wp-image-2515\" srcset=\"https:\/\/devotion.es\/wp-content\/uploads\/2022\/09\/Mamen_BG-8-1000x1500-1.jpg 1000w, https:\/\/devotion.es\/wp-content\/uploads\/2022\/09\/Mamen_BG-8-1000x1500-1-800x1200.jpg 800w, https:\/\/devotion.es\/wp-content\/uploads\/2022\/09\/Mamen_BG-8-1000x1500-1-120x180.jpg 120w, https:\/\/devotion.es\/wp-content\/uploads\/2022\/09\/Mamen_BG-8-1000x1500-1-90x135.jpg 90w, https:\/\/devotion.es\/wp-content\/uploads\/2022\/09\/Mamen_BG-8-1000x1500-1-320x480.jpg 320w, https:\/\/devotion.es\/wp-content\/uploads\/2022\/09\/Mamen_BG-8-1000x1500-1-560x840.jpg 560w\" sizes=\"auto, (max-width: 1000px) 100vw, 1000px\" \/><\/a><\/figure>\n\n\n\n<figure class=\"wp-block-image size-large\"><a href=\"https:\/\/devotion.es\/wp-content\/uploads\/2022\/09\/Mamen_BG-18-1000x1500-1.jpg\"><img loading=\"lazy\" decoding=\"async\" width=\"1000\" height=\"1500\" data-id=\"2516\" src=\"https:\/\/devotion.es\/wp-content\/uploads\/2022\/09\/Mamen_BG-18-1000x1500-1.jpg\" alt=\"\" class=\"wp-image-2516\" srcset=\"https:\/\/devotion.es\/wp-content\/uploads\/2022\/09\/Mamen_BG-18-1000x1500-1.jpg 1000w, https:\/\/devotion.es\/wp-content\/uploads\/2022\/09\/Mamen_BG-18-1000x1500-1-800x1200.jpg 800w, https:\/\/devotion.es\/wp-content\/uploads\/2022\/09\/Mamen_BG-18-1000x1500-1-120x180.jpg 120w, https:\/\/devotion.es\/wp-content\/uploads\/2022\/09\/Mamen_BG-18-1000x1500-1-90x135.jpg 90w, https:\/\/devotion.es\/wp-content\/uploads\/2022\/09\/Mamen_BG-18-1000x1500-1-320x480.jpg 320w, https:\/\/devotion.es\/wp-content\/uploads\/2022\/09\/Mamen_BG-18-1000x1500-1-560x840.jpg 560w\" sizes=\"auto, (max-width: 1000px) 100vw, 1000px\" \/><\/a><\/figure>\n<\/figure>\n","protected":false},"excerpt":{"rendered":"<p>Qu\u00e9 significa s\u00f3lido capaz? tiene mucho que ver con los trabajos de restauraci\u00f3n de la muralla nazar\u00ed de granada, que sirvi\u00f3 de inspiraci\u00f3n a la dise\u00f1adora Pilar y su equipo&hellip;<\/p>\n","protected":false},"author":1,"featured_media":2517,"comment_status":"open","ping_status":"open","sticky":false,"template":"","format":"standard","meta":{"_monsterinsights_skip_tracking":false,"_monsterinsights_sitenote_active":false,"_monsterinsights_sitenote_note":"","_monsterinsights_sitenote_category":0,"footnotes":""},"categories":[19,7],"tags":[],"powerkit_post_featured":[],"class_list":["post-2387","post","type-post","status-publish","format-standard","has-post-thumbnail","category-eventos","category-fashion"],"aioseo_notices":[],"_links":{"self":[{"href":"https:\/\/devotion.es\/index.php?rest_route=\/wp\/v2\/posts\/2387","targetHints":{"allow":["GET"]}}],"collection":[{"href":"https:\/\/devotion.es\/index.php?rest_route=\/wp\/v2\/posts"}],"about":[{"href":"https:\/\/devotion.es\/index.php?rest_route=\/wp\/v2\/types\/post"}],"author":[{"embeddable":true,"href":"https:\/\/devotion.es\/index.php?rest_route=\/wp\/v2\/users\/1"}],"replies":[{"embeddable":true,"href":"https:\/\/devotion.es\/index.php?rest_route=%2Fwp%2Fv2%2Fcomments&post=2387"}],"version-history":[{"count":20,"href":"https:\/\/devotion.es\/index.php?rest_route=\/wp\/v2\/posts\/2387\/revisions"}],"predecessor-version":[{"id":2732,"href":"https:\/\/devotion.es\/index.php?rest_route=\/wp\/v2\/posts\/2387\/revisions\/2732"}],"wp:featuredmedia":[{"embeddable":true,"href":"https:\/\/devotion.es\/index.php?rest_route=\/wp\/v2\/media\/2517"}],"wp:attachment":[{"href":"https:\/\/devotion.es\/index.php?rest_route=%2Fwp%2Fv2%2Fmedia&parent=2387"}],"wp:term":[{"taxonomy":"category","embeddable":true,"href":"https:\/\/devotion.es\/index.php?rest_route=%2Fwp%2Fv2%2Fcategories&post=2387"},{"taxonomy":"post_tag","embeddable":true,"href":"https:\/\/devotion.es\/index.php?rest_route=%2Fwp%2Fv2%2Ftags&post=2387"},{"taxonomy":"powerkit_post_featured","embeddable":true,"href":"https:\/\/devotion.es\/index.php?rest_route=%2Fwp%2Fv2%2Fpowerkit_post_featured&post=2387"}],"curies":[{"name":"wp","href":"https:\/\/api.w.org\/{rel}","templated":true}]}}