{"id":2577,"date":"2022-09-26T20:00:00","date_gmt":"2022-09-26T20:00:00","guid":{"rendered":"https:\/\/devotion.es\/?p=2577"},"modified":"2022-10-14T19:13:49","modified_gmt":"2022-10-14T19:13:49","slug":"born-living-yoga","status":"publish","type":"post","link":"https:\/\/devotion.es\/?p=2577","title":{"rendered":"Born Living Yoga\/5\u00ba aniversario nueva l\u00ednea masculina"},"content":{"rendered":"<div class=\"has-text-align-center wp-block-post-date has-medium-font-size\"><time datetime=\"2022-09-26T20:00:00+00:00\">26 de septiembre de 2022<\/time><\/div>\n\n\n<div class=\"wp-block-cover has-custom-content-position is-position-bottom-center\" style=\"min-height:345px;aspect-ratio:unset;\"><span aria-hidden=\"true\" class=\"wp-block-cover__background has-background-dim\"><\/span><img loading=\"lazy\" decoding=\"async\" width=\"1980\" height=\"2004\" class=\"wp-block-cover__image-background wp-image-2579\" alt=\"\" src=\"https:\/\/devotion.es\/wp-content\/uploads\/2022\/10\/16638600668995.jpg\" style=\"object-position:49% 28%\" data-object-fit=\"cover\" data-object-position=\"49% 28%\" srcset=\"https:\/\/devotion.es\/wp-content\/uploads\/2022\/10\/16638600668995.jpg 1980w, https:\/\/devotion.es\/wp-content\/uploads\/2022\/10\/16638600668995-800x810.jpg 800w, https:\/\/devotion.es\/wp-content\/uploads\/2022\/10\/16638600668995-1160x1174.jpg 1160w, https:\/\/devotion.es\/wp-content\/uploads\/2022\/10\/16638600668995-1518x1536.jpg 1518w, https:\/\/devotion.es\/wp-content\/uploads\/2022\/10\/16638600668995-80x80.jpg 80w, https:\/\/devotion.es\/wp-content\/uploads\/2022\/10\/16638600668995-120x120.jpg 120w, https:\/\/devotion.es\/wp-content\/uploads\/2022\/10\/16638600668995-90x90.jpg 90w, https:\/\/devotion.es\/wp-content\/uploads\/2022\/10\/16638600668995-320x324.jpg 320w, https:\/\/devotion.es\/wp-content\/uploads\/2022\/10\/16638600668995-560x567.jpg 560w, https:\/\/devotion.es\/wp-content\/uploads\/2022\/10\/16638600668995-1920x1943.jpg 1920w\" sizes=\"auto, (max-width: 1980px) 100vw, 1980px\" \/><div class=\"wp-block-cover__inner-container is-layout-flow wp-block-cover-is-layout-flow\">\n<p class=\"has-text-align-center has-white-color has-text-color wp-block-paragraph\">Born Living Yoga lanza  su nueva l\u00ednea para hombre<\/p>\n\n\n\n<p class=\"has-text-align-center has-white-color has-text-color has-large-font-size wp-block-paragraph\"><strong> BORN MAN<\/strong><\/p>\n<\/div><\/div>\n\n\n\n<p class=\"wp-block-paragraph\">En este post quiero contarte la experiencia que viv\u00ed en primera persona en la celebraci\u00f3n del quinto aniversario de la marca y las m\u00faltiples sorpresas que me llev\u00e9.<\/p>\n\n\n\n<p class=\"wp-block-paragraph\">Pero antes me gustar\u00eda que conocieras qui\u00e9n y que es Born living yoga. Es una firma espa\u00f1ola &nbsp;muy exitosa de activewear y muy comprometida con el medioambiente, en concreto con el agua entre sus misiones esta el educar y hacer visible la importancia del uso responsable de este bien. Aqu\u00ed nace el movimiento <strong>Hop on the born wave<\/strong>, movimiento que sirve para dar voz a su compromiso. Siendo toda su cadena de valor &nbsp;un &nbsp;ejemplo desde la fabricaci\u00f3n &nbsp;hasta el mismo packaging.<\/p>\n\n\n\n<p class=\"wp-block-paragraph\">Desde un punto de vista personal me parece de gran valor que marcas como born sean comprometidas pues como consumidora hace que me identifique con ellos y querer luchar y dar voz a este movimiento.<\/p>\n\n\n\n<p class=\"wp-block-paragraph\">Una celebraci\u00f3n en la que el dj Javier de miguel nos hizo bailar a todos y adem\u00e1s elogiada por los 200 asistentes entre prensa, influencers,celebrities y amigos de los fundadores, nadie se perdi\u00f3 ning\u00fan detalle. Fue una experiencia inmersiva digital en el mundo de Born, que junto a la experiencia gastron\u00f3mica y la localizaci\u00f3n en el restaurante quinto elemento fue inolvidable.<\/p>\n\n\n\n<p class=\"wp-block-paragraph\">Pero el motivo de alegr\u00eda de la celebraci\u00f3n no solo fue el quinto aniversario, a ello se sum\u00f3 que daban a conocer la fecha exacta de su pr\u00f3ximo lanzamiento, su l\u00ednea para hombre BORN MAN&nbsp; que saldr\u00eda a la venta este 26.09. Inspirados en el metaverso y tendencias digiles , pensada para el hombre actual que vive rodeado de est\u00edmulos en &nbsp;una sociedad din\u00e1mica y fren\u00e9tica. Necesita tejidos flexibles y confortables podr\u00eda compararse con que la l\u00ednea masculina seria un oais textil- athleisure.<\/p>\n\n\n\n<p class=\"wp-block-paragraph\">Proyecto que seg\u00fan palabras textuales de Alvaro Roca CEO Y Fundador lo vivieron as\u00ed: &#8220;La primera colecci\u00f3n de hombre ha sido un gran reto para el equipo, hemos contado con nuestra dilatada experiencia en el sector y con un mensaje y valores consolidados como marca&#8221;, explica \u00c1lvaro Roca, cofundador y CEO de la firma.<\/p>\n\n\n\n<figure class=\"wp-block-gallery has-nested-images columns-default is-cropped wp-block-gallery-1 is-layout-flex wp-block-gallery-is-layout-flex\">\n<figure class=\"wp-block-image size-medium\"><img loading=\"lazy\" decoding=\"async\" width=\"800\" height=\"480\" data-id=\"2601\" src=\"https:\/\/devotion.es\/wp-content\/uploads\/2022\/09\/dsc06402-min-e1664385786581-1536x922-1-800x480.jpg\" alt=\"\" class=\"wp-image-2601\" srcset=\"https:\/\/devotion.es\/wp-content\/uploads\/2022\/09\/dsc06402-min-e1664385786581-1536x922-1-800x480.jpg 800w, https:\/\/devotion.es\/wp-content\/uploads\/2022\/09\/dsc06402-min-e1664385786581-1536x922-1-1160x696.jpg 1160w, https:\/\/devotion.es\/wp-content\/uploads\/2022\/09\/dsc06402-min-e1664385786581-1536x922-1-120x72.jpg 120w, https:\/\/devotion.es\/wp-content\/uploads\/2022\/09\/dsc06402-min-e1664385786581-1536x922-1-90x54.jpg 90w, https:\/\/devotion.es\/wp-content\/uploads\/2022\/09\/dsc06402-min-e1664385786581-1536x922-1-320x192.jpg 320w, https:\/\/devotion.es\/wp-content\/uploads\/2022\/09\/dsc06402-min-e1664385786581-1536x922-1-560x336.jpg 560w, https:\/\/devotion.es\/wp-content\/uploads\/2022\/09\/dsc06402-min-e1664385786581-1536x922-1.jpg 1536w\" sizes=\"auto, (max-width: 800px) 100vw, 800px\" \/><\/figure>\n\n\n\n<figure class=\"wp-block-image size-medium\"><img loading=\"lazy\" decoding=\"async\" width=\"800\" height=\"1421\" data-id=\"2600\" src=\"https:\/\/devotion.es\/wp-content\/uploads\/2022\/09\/bb69-800x1421.jpg\" alt=\"\" class=\"wp-image-2600\" srcset=\"https:\/\/devotion.es\/wp-content\/uploads\/2022\/09\/bb69-800x1421.jpg 800w, https:\/\/devotion.es\/wp-content\/uploads\/2022\/09\/bb69-865x1536.jpg 865w, https:\/\/devotion.es\/wp-content\/uploads\/2022\/09\/bb69-120x213.jpg 120w, https:\/\/devotion.es\/wp-content\/uploads\/2022\/09\/bb69-90x160.jpg 90w, https:\/\/devotion.es\/wp-content\/uploads\/2022\/09\/bb69-320x568.jpg 320w, https:\/\/devotion.es\/wp-content\/uploads\/2022\/09\/bb69-560x995.jpg 560w, https:\/\/devotion.es\/wp-content\/uploads\/2022\/09\/bb69.jpg 1153w\" sizes=\"auto, (max-width: 800px) 100vw, 800px\" \/><\/figure>\n\n\n\n<figure class=\"wp-block-image size-medium\"><img loading=\"lazy\" decoding=\"async\" width=\"800\" height=\"1421\" data-id=\"2599\" src=\"https:\/\/devotion.es\/wp-content\/uploads\/2022\/09\/923c-800x1421.jpg\" alt=\"\" class=\"wp-image-2599\" srcset=\"https:\/\/devotion.es\/wp-content\/uploads\/2022\/09\/923c-800x1421.jpg 800w, https:\/\/devotion.es\/wp-content\/uploads\/2022\/09\/923c-865x1536.jpg 865w, https:\/\/devotion.es\/wp-content\/uploads\/2022\/09\/923c-120x213.jpg 120w, https:\/\/devotion.es\/wp-content\/uploads\/2022\/09\/923c-90x160.jpg 90w, https:\/\/devotion.es\/wp-content\/uploads\/2022\/09\/923c-320x568.jpg 320w, https:\/\/devotion.es\/wp-content\/uploads\/2022\/09\/923c-560x995.jpg 560w, https:\/\/devotion.es\/wp-content\/uploads\/2022\/09\/923c.jpg 1153w\" sizes=\"auto, (max-width: 800px) 100vw, 800px\" \/><\/figure>\n<\/figure>\n\n\n\n<p class=\"wp-block-paragraph\"><strong>Fotograf\u00cda: Born Living Yoga<\/strong><\/p>\n","protected":false},"excerpt":{"rendered":"<p>En este post quiero contarte la experiencia que viv\u00ed en primera persona en la celebraci\u00f3n del quinto aniversario de la marca y las m\u00faltiples sorpresas que me llev\u00e9. Pero antes&hellip;<\/p>\n","protected":false},"author":1,"featured_media":2599,"comment_status":"open","ping_status":"open","sticky":false,"template":"","format":"standard","meta":{"_monsterinsights_skip_tracking":false,"_monsterinsights_sitenote_active":false,"_monsterinsights_sitenote_note":"","_monsterinsights_sitenote_category":0,"footnotes":""},"categories":[19,7,9],"tags":[],"powerkit_post_featured":[],"class_list":["post-2577","post","type-post","status-publish","format-standard","has-post-thumbnail","category-eventos","category-fashion","category-news"],"aioseo_notices":[],"_links":{"self":[{"href":"https:\/\/devotion.es\/index.php?rest_route=\/wp\/v2\/posts\/2577","targetHints":{"allow":["GET"]}}],"collection":[{"href":"https:\/\/devotion.es\/index.php?rest_route=\/wp\/v2\/posts"}],"about":[{"href":"https:\/\/devotion.es\/index.php?rest_route=\/wp\/v2\/types\/post"}],"author":[{"embeddable":true,"href":"https:\/\/devotion.es\/index.php?rest_route=\/wp\/v2\/users\/1"}],"replies":[{"embeddable":true,"href":"https:\/\/devotion.es\/index.php?rest_route=%2Fwp%2Fv2%2Fcomments&post=2577"}],"version-history":[{"count":19,"href":"https:\/\/devotion.es\/index.php?rest_route=\/wp\/v2\/posts\/2577\/revisions"}],"predecessor-version":[{"id":2617,"href":"https:\/\/devotion.es\/index.php?rest_route=\/wp\/v2\/posts\/2577\/revisions\/2617"}],"wp:featuredmedia":[{"embeddable":true,"href":"https:\/\/devotion.es\/index.php?rest_route=\/wp\/v2\/media\/2599"}],"wp:attachment":[{"href":"https:\/\/devotion.es\/index.php?rest_route=%2Fwp%2Fv2%2Fmedia&parent=2577"}],"wp:term":[{"taxonomy":"category","embeddable":true,"href":"https:\/\/devotion.es\/index.php?rest_route=%2Fwp%2Fv2%2Fcategories&post=2577"},{"taxonomy":"post_tag","embeddable":true,"href":"https:\/\/devotion.es\/index.php?rest_route=%2Fwp%2Fv2%2Ftags&post=2577"},{"taxonomy":"powerkit_post_featured","embeddable":true,"href":"https:\/\/devotion.es\/index.php?rest_route=%2Fwp%2Fv2%2Fpowerkit_post_featured&post=2577"}],"curies":[{"name":"wp","href":"https:\/\/api.w.org\/{rel}","templated":true}]}}