{"id":2736,"date":"2023-02-01T16:32:46","date_gmt":"2023-02-01T16:32:46","guid":{"rendered":"https:\/\/devotion.es\/?p=2736"},"modified":"2023-02-06T18:40:46","modified_gmt":"2023-02-06T18:40:46","slug":"mbfw","status":"publish","type":"post","link":"https:\/\/devotion.es\/?p=2736","title":{"rendered":"Mercedes-Benz Fashion Week Oto\u00f1o\/Invierno 23-24"},"content":{"rendered":"\n<figure class=\"wp-block-image size-large\"><img loading=\"lazy\" decoding=\"async\" width=\"1160\" height=\"653\" src=\"https:\/\/devotion.es\/wp-content\/uploads\/2023\/02\/ffff-1160x653.jpeg\" alt=\"\" class=\"wp-image-2747\" srcset=\"https:\/\/devotion.es\/wp-content\/uploads\/2023\/02\/ffff-1160x653.jpeg 1160w, https:\/\/devotion.es\/wp-content\/uploads\/2023\/02\/ffff-800x450.jpeg 800w, https:\/\/devotion.es\/wp-content\/uploads\/2023\/02\/ffff-120x68.jpeg 120w, https:\/\/devotion.es\/wp-content\/uploads\/2023\/02\/ffff-90x51.jpeg 90w, https:\/\/devotion.es\/wp-content\/uploads\/2023\/02\/ffff-320x180.jpeg 320w, https:\/\/devotion.es\/wp-content\/uploads\/2023\/02\/ffff-560x315.jpeg 560w, https:\/\/devotion.es\/wp-content\/uploads\/2023\/02\/ffff.jpeg 1200w\" sizes=\"auto, (max-width: 1160px) 100vw, 1160px\" \/><\/figure>\n\n\n\n<p class=\"wp-block-paragraph\">Como cada a\u00f1o el evento de referencia de la moda espa\u00f1ola se da cita en la tan esperada <strong><a href=\"https:\/\/www.ifema.es\/mbfw-madrid\" target=\"_blank\" rel=\"noopener\">Mercedes Benz Fashion Week Madrid<\/a><\/strong>  <strong>del 15-19 de febrero 2023<\/strong> en el recinto ferial Ifema Madrid. La pasarela m\u00e1s importante de Espa\u00f1a, cuenta con un staff de m\u00e1s de 200 profesionales para su puesta en escena (peluquer\u00eda, maquillaje, modelos, etc). Todo un gran evento que se ha consolidado a lo largo de 39 a\u00f1os como uno de los principales escaparates para la industria de la Moda Espa\u00f1ola, adem\u00e1s  este a\u00f1o\u00a0<strong>se cumplen 77 ediciones<\/strong>\u00a0y viene cargado de grandes dise\u00f1adores consagrados como  \u00c1gatha Ruiz de la Prada, Andres Sarda y Jorge V\u00e1zquez entre otros con sus respectivas colecciones para la temporada de oto\u00f1o-invierno 23\/24.<\/p>\n\n\n\n<p class=\"has-text-align-left wp-block-paragraph\">MBFWMadrid comenzar\u00e1 el mi\u00e9rcoles 15 de febrero con su tradicional jornada dedicada en exclusiva a los desfiles del programa OFF, que se presentar\u00e1n en diferentes localizaciones de la Comunidad de Madrid. Un d\u00eda despu\u00e9s, el jueves 16, la pasarela dar\u00e1 inicio en el pabell\u00f3n 14.1 del Recinto Ferial de IFEMA MADRID al programa de desfiles de los dise\u00f1adores consagrados que se suceder\u00e1n, hasta el s\u00e1bado 18, dando paso el domingo 19 a la que se ha convertido en la jornada dedicada a los dise\u00f1adores emergentes bajo el paraguas de Allianz EGO.<\/p>\n\n\n\n<p class=\"wp-block-paragraph\"><strong>El Cibelespacio es el \u00e1rea social de MBFWMadrid<\/strong>. donde se congregan los diferentes stands de los patrocinadores  que ofrecen  diferentes actividades para los visitantes, que acompa\u00f1ados de m\u00fasica en directo pueden realizar diferentes actividades como workshops, entrevistas, sorteos posar en photocalls, etc. Dentro del Cibelespacio se podr\u00e1 visitar tambi\u00e9n el\u00a0<strong>Showroom de Allianz EGO<\/strong>, con venta directa al p\u00fablico general de creaciones de una selecci\u00f3n de j\u00f3venes dise\u00f1adores. <\/p>\n\n\n\n<p class=\"wp-block-paragraph\">Adem\u00e1s el Cibelespacio  contar\u00e1 con\u00a0<strong>MBFWMadrid TV<\/strong>, plat\u00f3 oficial de la pasarela, conducido por la famosa periodista y estilista televisiva, Clara Courel.<\/p>\n\n\n\n<p class=\"wp-block-paragraph\"><strong>\u00a1Ve y disfruta del Cibelespacio!<\/strong><\/p>\n\n\n\n<p class=\"wp-block-paragraph\">A continuaci\u00f3n te dejamos el programa de toda la semana<\/p>\n\n\n\n<figure class=\"wp-block-gallery has-nested-images columns-default is-cropped wp-block-gallery-1 is-layout-flex wp-block-gallery-is-layout-flex\">\n<figure class=\"wp-block-image size-full\"><img loading=\"lazy\" decoding=\"async\" width=\"1160\" height=\"1165\" data-id=\"2758\" src=\"https:\/\/devotion.es\/wp-content\/uploads\/2023\/02\/agenda-mbfw.jpg\" alt=\"\" class=\"wp-image-2758\" srcset=\"https:\/\/devotion.es\/wp-content\/uploads\/2023\/02\/agenda-mbfw.jpg 1160w, https:\/\/devotion.es\/wp-content\/uploads\/2023\/02\/agenda-mbfw-800x803.jpg 800w, https:\/\/devotion.es\/wp-content\/uploads\/2023\/02\/agenda-mbfw-80x80.jpg 80w, https:\/\/devotion.es\/wp-content\/uploads\/2023\/02\/agenda-mbfw-120x120.jpg 120w, https:\/\/devotion.es\/wp-content\/uploads\/2023\/02\/agenda-mbfw-90x90.jpg 90w, https:\/\/devotion.es\/wp-content\/uploads\/2023\/02\/agenda-mbfw-320x320.jpg 320w, https:\/\/devotion.es\/wp-content\/uploads\/2023\/02\/agenda-mbfw-560x562.jpg 560w\" sizes=\"auto, (max-width: 1160px) 100vw, 1160px\" \/><\/figure>\n<\/figure>\n\n\n\n<figure class=\"wp-block-image size-full\"><img loading=\"lazy\" decoding=\"async\" width=\"1900\" height=\"1266\" src=\"https:\/\/devotion.es\/wp-content\/uploads\/2023\/02\/mbfw-otono-invierno-portada-devotion.jpg\" alt=\"\" class=\"wp-image-2739\" srcset=\"https:\/\/devotion.es\/wp-content\/uploads\/2023\/02\/mbfw-otono-invierno-portada-devotion.jpg 1900w, https:\/\/devotion.es\/wp-content\/uploads\/2023\/02\/mbfw-otono-invierno-portada-devotion-800x533.jpg 800w, https:\/\/devotion.es\/wp-content\/uploads\/2023\/02\/mbfw-otono-invierno-portada-devotion-1160x773.jpg 1160w, https:\/\/devotion.es\/wp-content\/uploads\/2023\/02\/mbfw-otono-invierno-portada-devotion-1536x1023.jpg 1536w, https:\/\/devotion.es\/wp-content\/uploads\/2023\/02\/mbfw-otono-invierno-portada-devotion-120x80.jpg 120w, https:\/\/devotion.es\/wp-content\/uploads\/2023\/02\/mbfw-otono-invierno-portada-devotion-90x60.jpg 90w, https:\/\/devotion.es\/wp-content\/uploads\/2023\/02\/mbfw-otono-invierno-portada-devotion-320x213.jpg 320w, https:\/\/devotion.es\/wp-content\/uploads\/2023\/02\/mbfw-otono-invierno-portada-devotion-560x373.jpg 560w\" sizes=\"auto, (max-width: 1900px) 100vw, 1900px\" \/><\/figure>\n","protected":false},"excerpt":{"rendered":"<p>Como cada a\u00f1o el evento de referencia de la moda espa\u00f1ola se da cita en la tan esperada Mercedes Benz Fashion Week Madrid del 15-19 de febrero 2023 en el&hellip;<\/p>\n","protected":false},"author":1,"featured_media":2769,"comment_status":"open","ping_status":"open","sticky":false,"template":"","format":"standard","meta":{"_monsterinsights_skip_tracking":false,"_monsterinsights_sitenote_active":false,"_monsterinsights_sitenote_note":"","_monsterinsights_sitenote_category":0,"footnotes":""},"categories":[19,7,9],"tags":[22],"powerkit_post_featured":[],"class_list":["post-2736","post","type-post","status-publish","format-standard","has-post-thumbnail","category-eventos","category-fashion","category-news","tag-moda"],"aioseo_notices":[],"_links":{"self":[{"href":"https:\/\/devotion.es\/index.php?rest_route=\/wp\/v2\/posts\/2736","targetHints":{"allow":["GET"]}}],"collection":[{"href":"https:\/\/devotion.es\/index.php?rest_route=\/wp\/v2\/posts"}],"about":[{"href":"https:\/\/devotion.es\/index.php?rest_route=\/wp\/v2\/types\/post"}],"author":[{"embeddable":true,"href":"https:\/\/devotion.es\/index.php?rest_route=\/wp\/v2\/users\/1"}],"replies":[{"embeddable":true,"href":"https:\/\/devotion.es\/index.php?rest_route=%2Fwp%2Fv2%2Fcomments&post=2736"}],"version-history":[{"count":14,"href":"https:\/\/devotion.es\/index.php?rest_route=\/wp\/v2\/posts\/2736\/revisions"}],"predecessor-version":[{"id":2777,"href":"https:\/\/devotion.es\/index.php?rest_route=\/wp\/v2\/posts\/2736\/revisions\/2777"}],"wp:featuredmedia":[{"embeddable":true,"href":"https:\/\/devotion.es\/index.php?rest_route=\/wp\/v2\/media\/2769"}],"wp:attachment":[{"href":"https:\/\/devotion.es\/index.php?rest_route=%2Fwp%2Fv2%2Fmedia&parent=2736"}],"wp:term":[{"taxonomy":"category","embeddable":true,"href":"https:\/\/devotion.es\/index.php?rest_route=%2Fwp%2Fv2%2Fcategories&post=2736"},{"taxonomy":"post_tag","embeddable":true,"href":"https:\/\/devotion.es\/index.php?rest_route=%2Fwp%2Fv2%2Ftags&post=2736"},{"taxonomy":"powerkit_post_featured","embeddable":true,"href":"https:\/\/devotion.es\/index.php?rest_route=%2Fwp%2Fv2%2Fpowerkit_post_featured&post=2736"}],"curies":[{"name":"wp","href":"https:\/\/api.w.org\/{rel}","templated":true}]}}