{"id":2812,"date":"2023-03-30T16:25:00","date_gmt":"2023-03-30T16:25:00","guid":{"rendered":"https:\/\/devotion.es\/?p=2812"},"modified":"2023-08-12T10:54:52","modified_gmt":"2023-08-12T10:54:52","slug":"entregados-los-premios-del-shadowing-yo-jefa-del-sector-tic","status":"publish","type":"post","link":"https:\/\/devotion.es\/?p=2812","title":{"rendered":"Entregados los premios del \u00abShadowing\u00bb Yo, jefa, del sector TIC"},"content":{"rendered":"\n<p class=\"wp-block-paragraph\"><\/p>\n\n\n\n<figure class=\"wp-block-image size-large\"><img loading=\"lazy\" decoding=\"async\" width=\"1160\" height=\"772\" src=\"https:\/\/devotion.es\/wp-content\/uploads\/2023\/05\/338033617_539849571507249_454953848084349436_n-1160x772.jpg\" alt=\"\" class=\"wp-image-2816\" srcset=\"https:\/\/devotion.es\/wp-content\/uploads\/2023\/05\/338033617_539849571507249_454953848084349436_n-1160x772.jpg 1160w, https:\/\/devotion.es\/wp-content\/uploads\/2023\/05\/338033617_539849571507249_454953848084349436_n-800x532.jpg 800w, https:\/\/devotion.es\/wp-content\/uploads\/2023\/05\/338033617_539849571507249_454953848084349436_n-1536x1022.jpg 1536w, https:\/\/devotion.es\/wp-content\/uploads\/2023\/05\/338033617_539849571507249_454953848084349436_n-120x80.jpg 120w, https:\/\/devotion.es\/wp-content\/uploads\/2023\/05\/338033617_539849571507249_454953848084349436_n-90x60.jpg 90w, https:\/\/devotion.es\/wp-content\/uploads\/2023\/05\/338033617_539849571507249_454953848084349436_n-320x213.jpg 320w, https:\/\/devotion.es\/wp-content\/uploads\/2023\/05\/338033617_539849571507249_454953848084349436_n-560x373.jpg 560w, https:\/\/devotion.es\/wp-content\/uploads\/2023\/05\/338033617_539849571507249_454953848084349436_n-1920x1278.jpg 1920w, https:\/\/devotion.es\/wp-content\/uploads\/2023\/05\/338033617_539849571507249_454953848084349436_n.jpg 2048w\" sizes=\"auto, (max-width: 1160px) 100vw, 1160px\" \/><\/figure>\n\n\n\n<p class=\"has-black-color has-text-color wp-block-paragraph\">En la segunda edici\u00f3n del \u2018<strong>Shadowing Yo, jefa\u2019<\/strong> se han emparejado a diez de las directivas del ecosistema tecnol\u00f3gico m\u00e1s reconocidas de nuestro pa\u00eds con diez estudiantes. Gracias al asesoramiento y&nbsp;<em>expertise<\/em>&nbsp;de sus mentoras, las participantes han podido dar forma a una idea innovadora de negocio del sector TIC, la cual, han presentado p\u00fablicamente este mi\u00e9rcoles en<strong>&nbsp;The Place en The Valley<\/strong>&nbsp;en <strong>un&nbsp;<em>Pitch Day Competition<\/em><\/strong>&nbsp;que ha contado con la presencia de <strong>M\u00f3nica Dom\u00ednguez, directora general de Evaluaci\u00f3n y Cooperaci\u00f3n Territorial del Ministerio de Educaci\u00f3n.<\/strong><\/p>\n\n\n\n<p class=\"wp-block-paragraph\"><\/p>\n\n\n\n<p class=\"wp-block-paragraph\">El Jurado del \u2018Shadowing Yo, jefa del sector TIC\u2019 ha estado compuesto por&nbsp;<strong>Inmaculada Bl\u00e1zquez,<\/strong> socia fundadora, propietaria y directora general de Osprel;&nbsp;<strong>Carlota Mateos<\/strong>, cofundadora de Rusticae y Ancla Life;&nbsp;<strong>Bernardo Hern\u00e1ndez<\/strong>, emprendedor en innovaci\u00f3n; y<strong>&nbsp;Marisol Men\u00e9ndez<\/strong>, fundadora de Women in Tech Spain.<\/p>\n\n\n\n<p class=\"wp-block-paragraph\"><strong>Los proyectos ya han sido previamente evaluados por el Jurado, en base a los siguientes criterios: <\/strong>p<strong>rofundidad y sofisticaci\u00f3n del dise\u00f1o del proyecto, viabilidad de este, madurez y capacidad de an\u00e1lisis y aprendizaje de la estudiante<\/strong> durante la experiencia del Shadowing.<\/p>\n\n\n\n<p class=\"wp-block-paragraph\">As\u00ed, este jurado tambi\u00e9n ha reconocido como finalistas a<strong>\u00a0Alicia Soler (mayor impacto social), por\u00a0<em>Yo-duco<\/em>,<\/strong> una herramienta digital para apoyar a los padres en la educaci\u00f3n de sus hijos, con v\u00eddeos, consejos, tips y profesionales de la psicolog\u00eda y la orientaci\u00f3n educativa; a\u00a0<strong>Diana Torrico (mayor disrupci\u00f3n tecnol\u00f3gica)<\/strong>, <strong>por\u00a0<em>Color On<\/em><\/strong>, una app para dalt\u00f3nicos o personas con problemas de visi\u00f3n que les ayude a la hora de comprar ropa y combinar los colores; y a<strong>\u00a0Zulay Chuquimarca (mayor innovaci\u00f3n empresarial), por\u00a0<em>Virtual Me,<\/em><\/strong>\u00a0una aplicaci\u00f3n para que los usuarios puedan probarse ropa sin necesidad de acudir presencialmente a la tienda. Estas estudiantes han estado mentorizadas por <strong>Cecilia Cuadra, <\/strong>Ingeniera experta en Operaciones con m\u00e1s de 10 a\u00f1os de experiencia en empresas de Tecnolog\u00eda; <strong>Ana Mosquera<\/strong>, Executive Vice President de Capgemini; y <strong>M\u00f3nica Sala<\/strong>, directora general de Red de Orange Espa\u00f1a; respectivamente.<\/p>\n\n\n\n<p class=\"wp-block-paragraph\">Sobre esta segunda edici\u00f3n del \u2018Shadowing Yo, jefa\u2019,&nbsp;<strong>Isabel Lozano, fundadora y CEO de Trescom<\/strong>, ha destacado&nbsp;<em>\u201cel alto nivel de los proyectos presentados. Hab\u00eda algunos muy interesantes, y todos estaban bien planteados. Creo que los diez eran buenas ideas que podr\u00edan llegar a desarrollarse. La colaboraci\u00f3n entre generaciones ha funcionado muy bien. Las mentoras han tenido una gran implicaci\u00f3n en los proyectos y las j\u00f3venes se han llevado un gran aprendizaje que sin duda les ayudar\u00e1 a abrirse puertas en el futuro\u201d.<\/em><\/p>\n\n\n\n<figure class=\"wp-block-image size-large\"><img loading=\"lazy\" decoding=\"async\" width=\"1363\" height=\"1363\" src=\"https:\/\/devotion.es\/wp-content\/uploads\/2023\/08\/338934475_730510052193064_6012884097375712383_n-1-edited.jpg\" alt=\"\" class=\"wp-image-2883\" srcset=\"https:\/\/devotion.es\/wp-content\/uploads\/2023\/08\/338934475_730510052193064_6012884097375712383_n-1-edited.jpg 1363w, https:\/\/devotion.es\/wp-content\/uploads\/2023\/08\/338934475_730510052193064_6012884097375712383_n-1-edited-800x800.jpg 800w, https:\/\/devotion.es\/wp-content\/uploads\/2023\/08\/338934475_730510052193064_6012884097375712383_n-1-edited-1160x1160.jpg 1160w, https:\/\/devotion.es\/wp-content\/uploads\/2023\/08\/338934475_730510052193064_6012884097375712383_n-1-edited-80x80.jpg 80w, https:\/\/devotion.es\/wp-content\/uploads\/2023\/08\/338934475_730510052193064_6012884097375712383_n-1-edited-120x120.jpg 120w, https:\/\/devotion.es\/wp-content\/uploads\/2023\/08\/338934475_730510052193064_6012884097375712383_n-1-edited-90x90.jpg 90w, https:\/\/devotion.es\/wp-content\/uploads\/2023\/08\/338934475_730510052193064_6012884097375712383_n-1-edited-320x320.jpg 320w, https:\/\/devotion.es\/wp-content\/uploads\/2023\/08\/338934475_730510052193064_6012884097375712383_n-1-edited-560x560.jpg 560w\" sizes=\"auto, (max-width: 1363px) 100vw, 1363px\" \/><\/figure>\n\n\n\n<p class=\"wp-block-paragraph\">En su intervenci\u00f3n, la&nbsp;<strong>directora general de Evaluaci\u00f3n y Cooperaci\u00f3n Territorial, M\u00f3nica Dom\u00ednguez,&nbsp;<\/strong>ha puesto en valor iniciativas como esta, de<strong> Trescom,<\/strong> para&nbsp;<em>\u201cincorporar el talento de las mujeres en todos los campos, especialmente en la ciencia y la tecnolog\u00eda. Hay que apoyar el talento de las ni\u00f1as y j\u00f3venes para que puedan decidir lo que quieren ser en su vida, en sus estudios y en su trabajo, involucrando a los centros educativos, a las administraciones p\u00fablicas y a las empresas\u201d.<\/em><\/p>\n\n\n\n<figure class=\"wp-block-gallery has-nested-images columns-default is-cropped wp-block-gallery-1 is-layout-flex wp-block-gallery-is-layout-flex\">\n<figure class=\"wp-block-image size-large\"><img loading=\"lazy\" decoding=\"async\" width=\"1464\" height=\"1463\" data-id=\"2884\" src=\"https:\/\/devotion.es\/wp-content\/uploads\/2023\/08\/338033082_1187759485273695_1506353248224965335_n-1-edited.jpg\" alt=\"\" class=\"wp-image-2884\" srcset=\"https:\/\/devotion.es\/wp-content\/uploads\/2023\/08\/338033082_1187759485273695_1506353248224965335_n-1-edited.jpg 1464w, https:\/\/devotion.es\/wp-content\/uploads\/2023\/08\/338033082_1187759485273695_1506353248224965335_n-1-edited-800x800.jpg 800w, https:\/\/devotion.es\/wp-content\/uploads\/2023\/08\/338033082_1187759485273695_1506353248224965335_n-1-edited-1160x1160.jpg 1160w, https:\/\/devotion.es\/wp-content\/uploads\/2023\/08\/338033082_1187759485273695_1506353248224965335_n-1-edited-80x80.jpg 80w, https:\/\/devotion.es\/wp-content\/uploads\/2023\/08\/338033082_1187759485273695_1506353248224965335_n-1-edited-120x120.jpg 120w, https:\/\/devotion.es\/wp-content\/uploads\/2023\/08\/338033082_1187759485273695_1506353248224965335_n-1-edited-90x90.jpg 90w, https:\/\/devotion.es\/wp-content\/uploads\/2023\/08\/338033082_1187759485273695_1506353248224965335_n-1-edited-320x320.jpg 320w, https:\/\/devotion.es\/wp-content\/uploads\/2023\/08\/338033082_1187759485273695_1506353248224965335_n-1-edited-560x560.jpg 560w\" sizes=\"auto, (max-width: 1464px) 100vw, 1464px\" \/><\/figure>\n<\/figure>\n\n\n\n<p class=\"wp-block-paragraph\">Adem\u00e1s de los tres proyectos finalistas y el ganador, se han presentado otras ideas muy interesantes durante este&nbsp;<em>Pitch Day Competition<\/em>&nbsp;como, por ejemplo, la de&nbsp;<strong>Esther Esono,&nbsp;<\/strong>mentorizada por Ana G\u00f3ngora, directora general en Mediapost. Su app de alquiler de material de construcci\u00f3n y obra, similar a Wallapop, ofrece la posibilidad de alquilar el material por un tiempo determinado y devolverlo.<\/p>\n\n\n\n<p class=\"wp-block-paragraph\">Una app contactless que sirve como dinero de bolsillo y para ayudar a la gente sin hogar es el proyecto que ha presentado&nbsp;Claudia Ortiz, gracia a la ayuda de su mentora Inmaculada C\u00e9sar, experta en Innovaci\u00f3n, Transformaci\u00f3n Digital y Medios.<\/p>\n\n\n\n<p class=\"wp-block-paragraph\">Mentorizada por <strong>Adriana Botelho<\/strong>, cofundadora y CEO de KeepCoding, la estudiante\u00a0<strong>Mar\u00eda Esteve<\/strong>\u00a0ha desarrollado una plataforma de orientaci\u00f3n laboral,\u00a0<em>mentoring<\/em>\u00a0y\u00a0<em>networking<\/em>\u00a0para estudiantes universitarios.<\/p>\n\n\n\n<p class=\"wp-block-paragraph\">Otro proyecto destacado ha sido un videojuego para el aprendizaje de idiomas, de<strong>\u00a0Laura Perote<\/strong>, que ha sido mentorizada por <strong>Blanca Galletero,<\/strong> vicepresidenta de Alianzas y Ecosistemas de Splunk.<\/p>\n\n\n\n<p class=\"wp-block-paragraph\">Por su parte,<strong>\u00a0Denise Buitrago<\/strong>, mentorizada por <strong>Carolina Lesmes<\/strong>, directora general para Espa\u00f1a y Portugal de Criteo, ha creado una plataforma de comercializaci\u00f3n de zapatillas y complementos.<\/p>\n\n\n\n<p class=\"wp-block-paragraph\">Por \u00faltimo,\u00a0<strong>Carolina Vilella\u00a0<\/strong>ha presentado una plataforma tecnol\u00f3gica f\u00e1cil e intuitiva para ense\u00f1ar a las personas mayores a manejar las nuevas tecnolog\u00edas, gracias a la ayuda de su mentora<strong> Paloma Castellano<\/strong>, directora de Wayra Madrid.<\/p>\n\n\n\n<p class=\"wp-block-paragraph\"><strong>La ganadora del concurso ha sido Mar\u00eda Jes\u00fas Mar\u00edn&nbsp;ha desarrollado una aplicaci\u00f3n m\u00f3vil de Prevenci\u00f3n de Riesgos Laborales llamada&nbsp;<em>PRECISO<\/em>,<\/strong> para promover la salud y el bienestar laboral, dando soporte a empresas y personas trabajadoras, que tendr\u00e1n un plan individual de actividades l\u00fadicas, formativas y saludables. Para darle forma, ha contado, durante los tres meses que ha durado el \u2018Shadowing Yo, jefa\u2019, con el asesoramiento y apoyo de Vinyet Bravo, directora de Innovaci\u00f3n y Tecnolog\u00eda de Adecco Outsourcing.<\/p>\n\n\n\n<p class=\"wp-block-paragraph\"><strong><em>El programa Shadowing de Yo, Jefa  del sector TIC  representa una oportunidad \u00fanica para mujeres j\u00f3venes y profesionales que buscan expandir sus horizontes en el mundo de la tecnolog\u00eda y las telecomunicaciones. La iniciativa promueve la igualdad de g\u00e9nero en el \u00e1mbito laboral y fomenta el crecimiento de l\u00edderes femeninas en un sector  hist\u00f3ricamente dominado por hombres. <\/em><\/strong><\/p>\n\n\n\n<p class=\"wp-block-paragraph\">La ceremonia de premiaci\u00f3n de este programa marca un paso significativo hacia la igualdad de g\u00e9nero en el campo tecnol\u00f3gico, reconociendo el talento y el esfuerzo de las mujeres en este \u00e1mbito  y ofreciendo oportunidades para que puedan continuar creciendo y contribuyendo al avance tecn\u00f3logico global. <\/p>\n\n\n\n<p class=\"wp-block-paragraph\"><\/p>\n\n\n\n<div class=\"wp-block-group is-vertical is-layout-flex wp-container-core-group-is-layout-4fc3f8e1 wp-block-group-is-layout-flex\">\n<figure class=\"wp-block-gallery has-nested-images columns-default is-cropped wp-block-gallery-2 is-layout-flex wp-block-gallery-is-layout-flex\">\n<figure class=\"wp-block-image size-large\"><img loading=\"lazy\" decoding=\"async\" width=\"1160\" height=\"772\" data-id=\"2824\" src=\"https:\/\/devotion.es\/wp-content\/uploads\/2023\/05\/338197636_215221577773975_200928015021071660_n-1-1160x772.jpg\" alt=\"\" class=\"wp-image-2824\" srcset=\"https:\/\/devotion.es\/wp-content\/uploads\/2023\/05\/338197636_215221577773975_200928015021071660_n-1-1160x772.jpg 1160w, https:\/\/devotion.es\/wp-content\/uploads\/2023\/05\/338197636_215221577773975_200928015021071660_n-1-800x532.jpg 800w, https:\/\/devotion.es\/wp-content\/uploads\/2023\/05\/338197636_215221577773975_200928015021071660_n-1-1536x1022.jpg 1536w, https:\/\/devotion.es\/wp-content\/uploads\/2023\/05\/338197636_215221577773975_200928015021071660_n-1-120x80.jpg 120w, https:\/\/devotion.es\/wp-content\/uploads\/2023\/05\/338197636_215221577773975_200928015021071660_n-1-90x60.jpg 90w, https:\/\/devotion.es\/wp-content\/uploads\/2023\/05\/338197636_215221577773975_200928015021071660_n-1-320x213.jpg 320w, https:\/\/devotion.es\/wp-content\/uploads\/2023\/05\/338197636_215221577773975_200928015021071660_n-1-560x373.jpg 560w, https:\/\/devotion.es\/wp-content\/uploads\/2023\/05\/338197636_215221577773975_200928015021071660_n-1-1920x1278.jpg 1920w, https:\/\/devotion.es\/wp-content\/uploads\/2023\/05\/338197636_215221577773975_200928015021071660_n-1.jpg 2048w\" sizes=\"auto, (max-width: 1160px) 100vw, 1160px\" \/><\/figure>\n\n\n\n<figure class=\"wp-block-image size-large\"><img loading=\"lazy\" decoding=\"async\" width=\"206\" height=\"206\" data-id=\"2878\" src=\"https:\/\/devotion.es\/wp-content\/uploads\/2023\/08\/338142684_134728929382131_8277784783878781813_n-1.jpg\" alt=\"\" class=\"wp-image-2878\" srcset=\"https:\/\/devotion.es\/wp-content\/uploads\/2023\/08\/338142684_134728929382131_8277784783878781813_n-1.jpg 206w, https:\/\/devotion.es\/wp-content\/uploads\/2023\/08\/338142684_134728929382131_8277784783878781813_n-1-80x80.jpg 80w, https:\/\/devotion.es\/wp-content\/uploads\/2023\/08\/338142684_134728929382131_8277784783878781813_n-1-120x120.jpg 120w, https:\/\/devotion.es\/wp-content\/uploads\/2023\/08\/338142684_134728929382131_8277784783878781813_n-1-90x90.jpg 90w\" sizes=\"auto, (max-width: 206px) 100vw, 206px\" \/><\/figure>\n\n\n\n<figure class=\"wp-block-image size-large\"><img loading=\"lazy\" decoding=\"async\" width=\"206\" height=\"206\" data-id=\"2859\" src=\"https:\/\/devotion.es\/wp-content\/uploads\/2023\/08\/338372579_131740383053558_5046025255842364262_n.jpg\" alt=\"\" class=\"wp-image-2859\" srcset=\"https:\/\/devotion.es\/wp-content\/uploads\/2023\/08\/338372579_131740383053558_5046025255842364262_n.jpg 206w, https:\/\/devotion.es\/wp-content\/uploads\/2023\/08\/338372579_131740383053558_5046025255842364262_n-80x80.jpg 80w, https:\/\/devotion.es\/wp-content\/uploads\/2023\/08\/338372579_131740383053558_5046025255842364262_n-120x120.jpg 120w, https:\/\/devotion.es\/wp-content\/uploads\/2023\/08\/338372579_131740383053558_5046025255842364262_n-90x90.jpg 90w\" sizes=\"auto, (max-width: 206px) 100vw, 206px\" \/><\/figure>\n\n\n\n<figure class=\"wp-block-image size-large\"><img loading=\"lazy\" decoding=\"async\" width=\"206\" height=\"206\" data-id=\"2853\" src=\"https:\/\/devotion.es\/wp-content\/uploads\/2023\/08\/338167835_611435180454357_7687059489178290773_n.jpg\" alt=\"\" class=\"wp-image-2853\" srcset=\"https:\/\/devotion.es\/wp-content\/uploads\/2023\/08\/338167835_611435180454357_7687059489178290773_n.jpg 206w, https:\/\/devotion.es\/wp-content\/uploads\/2023\/08\/338167835_611435180454357_7687059489178290773_n-80x80.jpg 80w, https:\/\/devotion.es\/wp-content\/uploads\/2023\/08\/338167835_611435180454357_7687059489178290773_n-120x120.jpg 120w, https:\/\/devotion.es\/wp-content\/uploads\/2023\/08\/338167835_611435180454357_7687059489178290773_n-90x90.jpg 90w\" sizes=\"auto, (max-width: 206px) 100vw, 206px\" \/><\/figure>\n\n\n\n<figure class=\"wp-block-image size-large\"><img loading=\"lazy\" decoding=\"async\" width=\"206\" height=\"206\" data-id=\"2868\" src=\"https:\/\/devotion.es\/wp-content\/uploads\/2023\/08\/338561979_1156929774977723_4096787984645637955_n.jpg\" alt=\"\" class=\"wp-image-2868\" srcset=\"https:\/\/devotion.es\/wp-content\/uploads\/2023\/08\/338561979_1156929774977723_4096787984645637955_n.jpg 206w, https:\/\/devotion.es\/wp-content\/uploads\/2023\/08\/338561979_1156929774977723_4096787984645637955_n-80x80.jpg 80w, https:\/\/devotion.es\/wp-content\/uploads\/2023\/08\/338561979_1156929774977723_4096787984645637955_n-120x120.jpg 120w, https:\/\/devotion.es\/wp-content\/uploads\/2023\/08\/338561979_1156929774977723_4096787984645637955_n-90x90.jpg 90w\" sizes=\"auto, (max-width: 206px) 100vw, 206px\" \/><\/figure>\n<\/figure>\n<\/div>\n\n\n<div class=\"wp-block-post-author\"><div class=\"wp-block-post-author__avatar\"><img alt='' src='https:\/\/secure.gravatar.com\/avatar\/4edcadc22ec40bba9fba4e8d76c8ce15e7c1bc5117daaf92bac042a695c8fe38?s=48&#038;d=mm&#038;r=g' srcset='https:\/\/secure.gravatar.com\/avatar\/4edcadc22ec40bba9fba4e8d76c8ce15e7c1bc5117daaf92bac042a695c8fe38?s=96&#038;d=mm&#038;r=g 2x' class='avatar avatar-48 photo' height='48' width='48' \/><\/div><div class=\"wp-block-post-author__content\"><p class=\"wp-block-post-author__name\">devotion<\/p><\/div><\/div>","protected":false},"excerpt":{"rendered":"<p>En la segunda edici\u00f3n del \u2018Shadowing Yo, jefa\u2019 se han emparejado a diez de las directivas del ecosistema tecnol\u00f3gico m\u00e1s reconocidas de nuestro pa\u00eds con diez estudiantes. Gracias al asesoramiento y\u00a0expertise\u00a0de sus mentoras, las participantes han podido dar forma a una idea innovadora de negocio del sector TIC,<\/p>\n","protected":false},"author":1,"featured_media":2815,"comment_status":"open","ping_status":"open","sticky":false,"template":"","format":"standard","meta":{"_monsterinsights_skip_tracking":false,"_monsterinsights_sitenote_active":false,"_monsterinsights_sitenote_note":"","_monsterinsights_sitenote_category":0,"footnotes":""},"categories":[9],"tags":[],"powerkit_post_featured":[],"class_list":["post-2812","post","type-post","status-publish","format-standard","has-post-thumbnail","category-news"],"aioseo_notices":[],"_links":{"self":[{"href":"https:\/\/devotion.es\/index.php?rest_route=\/wp\/v2\/posts\/2812","targetHints":{"allow":["GET"]}}],"collection":[{"href":"https:\/\/devotion.es\/index.php?rest_route=\/wp\/v2\/posts"}],"about":[{"href":"https:\/\/devotion.es\/index.php?rest_route=\/wp\/v2\/types\/post"}],"author":[{"embeddable":true,"href":"https:\/\/devotion.es\/index.php?rest_route=\/wp\/v2\/users\/1"}],"replies":[{"embeddable":true,"href":"https:\/\/devotion.es\/index.php?rest_route=%2Fwp%2Fv2%2Fcomments&post=2812"}],"version-history":[{"count":9,"href":"https:\/\/devotion.es\/index.php?rest_route=\/wp\/v2\/posts\/2812\/revisions"}],"predecessor-version":[{"id":2891,"href":"https:\/\/devotion.es\/index.php?rest_route=\/wp\/v2\/posts\/2812\/revisions\/2891"}],"wp:featuredmedia":[{"embeddable":true,"href":"https:\/\/devotion.es\/index.php?rest_route=\/wp\/v2\/media\/2815"}],"wp:attachment":[{"href":"https:\/\/devotion.es\/index.php?rest_route=%2Fwp%2Fv2%2Fmedia&parent=2812"}],"wp:term":[{"taxonomy":"category","embeddable":true,"href":"https:\/\/devotion.es\/index.php?rest_route=%2Fwp%2Fv2%2Fcategories&post=2812"},{"taxonomy":"post_tag","embeddable":true,"href":"https:\/\/devotion.es\/index.php?rest_route=%2Fwp%2Fv2%2Ftags&post=2812"},{"taxonomy":"powerkit_post_featured","embeddable":true,"href":"https:\/\/devotion.es\/index.php?rest_route=%2Fwp%2Fv2%2Fpowerkit_post_featured&post=2812"}],"curies":[{"name":"wp","href":"https:\/\/api.w.org\/{rel}","templated":true}]}}