{"id":2828,"date":"2023-02-15T11:30:00","date_gmt":"2023-02-15T11:30:00","guid":{"rendered":"https:\/\/devotion.es\/?p=2828"},"modified":"2023-05-07T10:49:27","modified_gmt":"2023-05-07T10:49:27","slug":"inefable-maria-lafuente","status":"publish","type":"post","link":"https:\/\/devotion.es\/?p=2828","title":{"rendered":"INEFABLE \/MARIA LAFUENTE"},"content":{"rendered":"\n<p class=\"wp-block-paragraph\"><em>Lo que pienses, lo ser\u00e1s, Lo que sientas, lo atraer\u00e1s ,Lo que imaginas, lo crear\u00e1s<\/em> &#8211; Buda <\/p>\n\n\n\n<figure class=\"wp-block-image size-large\"><img loading=\"lazy\" decoding=\"async\" width=\"1160\" height=\"653\" src=\"https:\/\/devotion.es\/wp-content\/uploads\/2023\/05\/maria-lafuente-oi23-mbfwm-0223-001-1920x1080-1-2-1160x653.jpg\" alt=\"\" class=\"wp-image-2834\" srcset=\"https:\/\/devotion.es\/wp-content\/uploads\/2023\/05\/maria-lafuente-oi23-mbfwm-0223-001-1920x1080-1-2-1160x653.jpg 1160w, https:\/\/devotion.es\/wp-content\/uploads\/2023\/05\/maria-lafuente-oi23-mbfwm-0223-001-1920x1080-1-2-800x450.jpg 800w, https:\/\/devotion.es\/wp-content\/uploads\/2023\/05\/maria-lafuente-oi23-mbfwm-0223-001-1920x1080-1-2-1536x864.jpg 1536w, https:\/\/devotion.es\/wp-content\/uploads\/2023\/05\/maria-lafuente-oi23-mbfwm-0223-001-1920x1080-1-2-120x68.jpg 120w, https:\/\/devotion.es\/wp-content\/uploads\/2023\/05\/maria-lafuente-oi23-mbfwm-0223-001-1920x1080-1-2-90x51.jpg 90w, https:\/\/devotion.es\/wp-content\/uploads\/2023\/05\/maria-lafuente-oi23-mbfwm-0223-001-1920x1080-1-2-320x180.jpg 320w, https:\/\/devotion.es\/wp-content\/uploads\/2023\/05\/maria-lafuente-oi23-mbfwm-0223-001-1920x1080-1-2-560x315.jpg 560w, https:\/\/devotion.es\/wp-content\/uploads\/2023\/05\/maria-lafuente-oi23-mbfwm-0223-001-1920x1080-1-2.jpg 1920w\" sizes=\"auto, (max-width: 1160px) 100vw, 1160px\" \/><\/figure>\n\n\n\n<p class=\"wp-block-paragraph\"><\/p>\n\n\n\n<p class=\"has-text-align-left has-black-color has-text-color wp-block-paragraph\"><strong><a href=\"https:\/\/www.instagram.com\/marialafuentefashion\/?hl=es\" target=\"_blank\" rel=\"noopener\">Maria Lafuente<\/a><\/strong> abre la MBFW con una colecci\u00f3n sostenible e innovadora <strong>\u201cINEFABLE.<\/strong> Algo tan incre\u00edble que no puede ser expresado con palabras. Del latin: <em>ineffabilis in<\/em> &#8211; (no) \/ bilis &#8211; (capaz de) \/ <em>effari<\/em> &#8211; (expresar).\u201d De nuevo <strong>Maria Lafuente<\/strong> abre la<strong><a href=\"https:\/\/www.ifema.es\/mbfw-madrid\" target=\"_blank\" rel=\"noopener\"> Mercedes Benz Fashion Week<\/a><\/strong> Madrid con su<br>desfile Inefable.<\/p>\n\n\n\n<p class=\"has-text-align-left has-black-color has-text-color wp-block-paragraph\"><br><strong>La Joven Compa\u00f1\u00eda de Danza Joven Compa\u00f1\u00eda de Danza Egresados de Escuelas Profesionales y Centros Autorizados Castellanoleoneses,<\/strong> con vestuario by Maria Lafuente, present\u00f3 sobre la pasarela la <strong>coreograf\u00eda Miradas en Blanco, un manifiesto contra la violencia de g\u00e9nero<\/strong>.<br>Fiel a su filosof\u00eda <strong>La Revoluci\u00f3n Sostenible by Maria Lafuente,<\/strong> la firma presenta por primera vez en Espa\u00f1a una colecci\u00f3n de accesorios y gafas impresos mediante la tecnolog\u00eda 3-D.<br>Al igual que en ediciones anteriores, Maria Lafuente se une a firmas<strong> comprometidas con la sostenibilidad como El Corte Ingl\u00e9s, SIGNUS, PEFC <\/strong>ABODE<strong> generando valor y colaborando en la creaci\u00f3n de una filosof\u00eda de marca s\u00f3lida y fidedigna.<\/strong><\/p>\n\n\n\n<figure class=\"wp-block-gallery has-nested-images columns-default is-cropped wp-block-gallery-1 is-layout-flex wp-block-gallery-is-layout-flex\">\n<figure class=\"wp-block-image size-large\"><img loading=\"lazy\" decoding=\"async\" width=\"656\" height=\"438\" data-id=\"2837\" src=\"https:\/\/devotion.es\/wp-content\/uploads\/2023\/05\/extracto-del-desfile-de-maria-lafuente-que-escenifica-la-sororidad.jpg\" alt=\"\" class=\"wp-image-2837\" srcset=\"https:\/\/devotion.es\/wp-content\/uploads\/2023\/05\/extracto-del-desfile-de-maria-lafuente-que-escenifica-la-sororidad.jpg 656w, https:\/\/devotion.es\/wp-content\/uploads\/2023\/05\/extracto-del-desfile-de-maria-lafuente-que-escenifica-la-sororidad-120x80.jpg 120w, https:\/\/devotion.es\/wp-content\/uploads\/2023\/05\/extracto-del-desfile-de-maria-lafuente-que-escenifica-la-sororidad-90x60.jpg 90w, https:\/\/devotion.es\/wp-content\/uploads\/2023\/05\/extracto-del-desfile-de-maria-lafuente-que-escenifica-la-sororidad-320x214.jpg 320w, https:\/\/devotion.es\/wp-content\/uploads\/2023\/05\/extracto-del-desfile-de-maria-lafuente-que-escenifica-la-sororidad-560x374.jpg 560w\" sizes=\"auto, (max-width: 656px) 100vw, 656px\" \/><\/figure>\n\n\n\n<figure class=\"wp-block-image size-large\"><img loading=\"lazy\" decoding=\"async\" width=\"990\" height=\"556\" data-id=\"2838\" src=\"https:\/\/devotion.es\/wp-content\/uploads\/2023\/05\/maria-lafuente-fw23-24-1.r_d.600-315.png\" alt=\"\" class=\"wp-image-2838\" srcset=\"https:\/\/devotion.es\/wp-content\/uploads\/2023\/05\/maria-lafuente-fw23-24-1.r_d.600-315.png 990w, https:\/\/devotion.es\/wp-content\/uploads\/2023\/05\/maria-lafuente-fw23-24-1.r_d.600-315-800x449.png 800w, https:\/\/devotion.es\/wp-content\/uploads\/2023\/05\/maria-lafuente-fw23-24-1.r_d.600-315-120x67.png 120w, https:\/\/devotion.es\/wp-content\/uploads\/2023\/05\/maria-lafuente-fw23-24-1.r_d.600-315-90x51.png 90w, https:\/\/devotion.es\/wp-content\/uploads\/2023\/05\/maria-lafuente-fw23-24-1.r_d.600-315-320x180.png 320w, https:\/\/devotion.es\/wp-content\/uploads\/2023\/05\/maria-lafuente-fw23-24-1.r_d.600-315-560x315.png 560w\" sizes=\"auto, (max-width: 990px) 100vw, 990px\" \/><\/figure>\n\n\n\n<figure class=\"wp-block-image size-large\"><img loading=\"lazy\" decoding=\"async\" width=\"800\" height=\"1200\" data-id=\"2835\" src=\"https:\/\/devotion.es\/wp-content\/uploads\/2023\/05\/PF23_Maria_Lafuente_0062.jpg\" alt=\"\" class=\"wp-image-2835\" srcset=\"https:\/\/devotion.es\/wp-content\/uploads\/2023\/05\/PF23_Maria_Lafuente_0062.jpg 800w, https:\/\/devotion.es\/wp-content\/uploads\/2023\/05\/PF23_Maria_Lafuente_0062-120x180.jpg 120w, https:\/\/devotion.es\/wp-content\/uploads\/2023\/05\/PF23_Maria_Lafuente_0062-90x135.jpg 90w, https:\/\/devotion.es\/wp-content\/uploads\/2023\/05\/PF23_Maria_Lafuente_0062-320x480.jpg 320w, https:\/\/devotion.es\/wp-content\/uploads\/2023\/05\/PF23_Maria_Lafuente_0062-560x840.jpg 560w\" sizes=\"auto, (max-width: 800px) 100vw, 800px\" \/><\/figure>\n\n\n\n<figure class=\"wp-block-image size-large\"><img loading=\"lazy\" decoding=\"async\" width=\"1024\" height=\"683\" data-id=\"2836\" src=\"https:\/\/devotion.es\/wp-content\/uploads\/2023\/05\/PF23_Maria_Lafuente_0101-1024x683-1.jpg\" alt=\"\" class=\"wp-image-2836\" srcset=\"https:\/\/devotion.es\/wp-content\/uploads\/2023\/05\/PF23_Maria_Lafuente_0101-1024x683-1.jpg 1024w, https:\/\/devotion.es\/wp-content\/uploads\/2023\/05\/PF23_Maria_Lafuente_0101-1024x683-1-800x534.jpg 800w, https:\/\/devotion.es\/wp-content\/uploads\/2023\/05\/PF23_Maria_Lafuente_0101-1024x683-1-120x80.jpg 120w, https:\/\/devotion.es\/wp-content\/uploads\/2023\/05\/PF23_Maria_Lafuente_0101-1024x683-1-90x60.jpg 90w, https:\/\/devotion.es\/wp-content\/uploads\/2023\/05\/PF23_Maria_Lafuente_0101-1024x683-1-320x213.jpg 320w, https:\/\/devotion.es\/wp-content\/uploads\/2023\/05\/PF23_Maria_Lafuente_0101-1024x683-1-560x374.jpg 560w\" sizes=\"auto, (max-width: 1024px) 100vw, 1024px\" \/><\/figure>\n<\/figure>\n\n\n\n<p class=\"wp-block-paragraph\">El esp\u00edritu de <strong>INEFABLE<\/strong> se materializa en<strong> patrones <\/strong>org\u00e1nicos, moulage y arquitect\u00f3nicos.<strong> Los colores<\/strong>: rosa, berenjena, nude, melocot\u00f3n, verde turquesa, morado, gris, azul marino y negro conforman una escala crom\u00e1tica en sinton\u00eda con la naturaleza, complementada por el beauty look creado por \u00darsula<br>Garc\u00eda Lafuente, make up artist y directora creativa de maquillaje de Maria Lafuente.<br>Los modelos utilizados para este canto a la belleza se basan en el tencel de Textil Santanderina certificado PEFC; tul, lentejuelas y encaje TIRE-X; neum\u00e1tico y otros materiales.<\/p>\n\n\n\n<figure class=\"wp-block-gallery has-nested-images columns-default is-cropped wp-block-gallery-2 is-layout-flex wp-block-gallery-is-layout-flex\">\n<figure class=\"wp-block-image size-large\"><img loading=\"lazy\" decoding=\"async\" width=\"800\" height=\"1200\" data-id=\"2847\" src=\"https:\/\/devotion.es\/wp-content\/uploads\/2023\/05\/PF23_Maria_Lafuente_0229.jpg\" alt=\"\" class=\"wp-image-2847\" srcset=\"https:\/\/devotion.es\/wp-content\/uploads\/2023\/05\/PF23_Maria_Lafuente_0229.jpg 800w, https:\/\/devotion.es\/wp-content\/uploads\/2023\/05\/PF23_Maria_Lafuente_0229-120x180.jpg 120w, https:\/\/devotion.es\/wp-content\/uploads\/2023\/05\/PF23_Maria_Lafuente_0229-90x135.jpg 90w, https:\/\/devotion.es\/wp-content\/uploads\/2023\/05\/PF23_Maria_Lafuente_0229-320x480.jpg 320w, https:\/\/devotion.es\/wp-content\/uploads\/2023\/05\/PF23_Maria_Lafuente_0229-560x840.jpg 560w\" sizes=\"auto, (max-width: 800px) 100vw, 800px\" \/><\/figure>\n\n\n\n<figure class=\"wp-block-image size-large\"><img loading=\"lazy\" decoding=\"async\" width=\"656\" height=\"984\" data-id=\"2844\" src=\"https:\/\/devotion.es\/wp-content\/uploads\/2023\/05\/maria-lafuente-fw23-24-1.jpg\" alt=\"\" class=\"wp-image-2844\" srcset=\"https:\/\/devotion.es\/wp-content\/uploads\/2023\/05\/maria-lafuente-fw23-24-1.jpg 656w, https:\/\/devotion.es\/wp-content\/uploads\/2023\/05\/maria-lafuente-fw23-24-1-120x180.jpg 120w, https:\/\/devotion.es\/wp-content\/uploads\/2023\/05\/maria-lafuente-fw23-24-1-90x135.jpg 90w, https:\/\/devotion.es\/wp-content\/uploads\/2023\/05\/maria-lafuente-fw23-24-1-320x480.jpg 320w, https:\/\/devotion.es\/wp-content\/uploads\/2023\/05\/maria-lafuente-fw23-24-1-560x840.jpg 560w\" sizes=\"auto, (max-width: 656px) 100vw, 656px\" \/><\/figure>\n\n\n\n<figure class=\"wp-block-image size-large\"><img loading=\"lazy\" decoding=\"async\" width=\"1160\" height=\"1740\" data-id=\"2841\" src=\"https:\/\/devotion.es\/wp-content\/uploads\/2023\/05\/OMF8406bb-1160x1740.jpg\" alt=\"\" class=\"wp-image-2841\" srcset=\"https:\/\/devotion.es\/wp-content\/uploads\/2023\/05\/OMF8406bb-1160x1740.jpg 1160w, https:\/\/devotion.es\/wp-content\/uploads\/2023\/05\/OMF8406bb-800x1200.jpg 800w, https:\/\/devotion.es\/wp-content\/uploads\/2023\/05\/OMF8406bb-1024x1536.jpg 1024w, https:\/\/devotion.es\/wp-content\/uploads\/2023\/05\/OMF8406bb-120x180.jpg 120w, https:\/\/devotion.es\/wp-content\/uploads\/2023\/05\/OMF8406bb-90x135.jpg 90w, https:\/\/devotion.es\/wp-content\/uploads\/2023\/05\/OMF8406bb-320x480.jpg 320w, https:\/\/devotion.es\/wp-content\/uploads\/2023\/05\/OMF8406bb-560x840.jpg 560w, https:\/\/devotion.es\/wp-content\/uploads\/2023\/05\/OMF8406bb.jpg 1200w\" sizes=\"auto, (max-width: 1160px) 100vw, 1160px\" \/><\/figure>\n\n\n\n<figure class=\"wp-block-image size-large\"><img loading=\"lazy\" decoding=\"async\" width=\"800\" height=\"1200\" data-id=\"2845\" src=\"https:\/\/devotion.es\/wp-content\/uploads\/2023\/05\/PF23_Maria_Lafuente_0167.jpg\" alt=\"\" class=\"wp-image-2845\" srcset=\"https:\/\/devotion.es\/wp-content\/uploads\/2023\/05\/PF23_Maria_Lafuente_0167.jpg 800w, https:\/\/devotion.es\/wp-content\/uploads\/2023\/05\/PF23_Maria_Lafuente_0167-120x180.jpg 120w, https:\/\/devotion.es\/wp-content\/uploads\/2023\/05\/PF23_Maria_Lafuente_0167-90x135.jpg 90w, https:\/\/devotion.es\/wp-content\/uploads\/2023\/05\/PF23_Maria_Lafuente_0167-320x480.jpg 320w, https:\/\/devotion.es\/wp-content\/uploads\/2023\/05\/PF23_Maria_Lafuente_0167-560x840.jpg 560w\" sizes=\"auto, (max-width: 800px) 100vw, 800px\" \/><\/figure>\n\n\n\n<figure class=\"wp-block-image size-large\"><img loading=\"lazy\" decoding=\"async\" width=\"656\" height=\"984\" data-id=\"2840\" src=\"https:\/\/devotion.es\/wp-content\/uploads\/2023\/05\/maria-lafuente-fw23-24.jpg\" alt=\"\" class=\"wp-image-2840\" srcset=\"https:\/\/devotion.es\/wp-content\/uploads\/2023\/05\/maria-lafuente-fw23-24.jpg 656w, https:\/\/devotion.es\/wp-content\/uploads\/2023\/05\/maria-lafuente-fw23-24-120x180.jpg 120w, https:\/\/devotion.es\/wp-content\/uploads\/2023\/05\/maria-lafuente-fw23-24-90x135.jpg 90w, https:\/\/devotion.es\/wp-content\/uploads\/2023\/05\/maria-lafuente-fw23-24-320x480.jpg 320w, https:\/\/devotion.es\/wp-content\/uploads\/2023\/05\/maria-lafuente-fw23-24-560x840.jpg 560w\" sizes=\"auto, (max-width: 656px) 100vw, 656px\" \/><\/figure>\n\n\n\n<figure class=\"wp-block-image size-large\"><img loading=\"lazy\" decoding=\"async\" width=\"1160\" height=\"773\" data-id=\"2842\" src=\"https:\/\/devotion.es\/wp-content\/uploads\/2023\/05\/OMF8713bb-1-1160x773.jpg\" alt=\"\" class=\"wp-image-2842\" srcset=\"https:\/\/devotion.es\/wp-content\/uploads\/2023\/05\/OMF8713bb-1-1160x773.jpg 1160w, https:\/\/devotion.es\/wp-content\/uploads\/2023\/05\/OMF8713bb-1-800x533.jpg 800w, https:\/\/devotion.es\/wp-content\/uploads\/2023\/05\/OMF8713bb-1-120x80.jpg 120w, https:\/\/devotion.es\/wp-content\/uploads\/2023\/05\/OMF8713bb-1-90x60.jpg 90w, https:\/\/devotion.es\/wp-content\/uploads\/2023\/05\/OMF8713bb-1-320x213.jpg 320w, https:\/\/devotion.es\/wp-content\/uploads\/2023\/05\/OMF8713bb-1-560x373.jpg 560w, https:\/\/devotion.es\/wp-content\/uploads\/2023\/05\/OMF8713bb-1.jpg 1200w\" sizes=\"auto, (max-width: 1160px) 100vw, 1160px\" \/><\/figure>\n\n\n\n<figure class=\"wp-block-image size-large\"><img loading=\"lazy\" decoding=\"async\" width=\"800\" height=\"1200\" data-id=\"2848\" src=\"https:\/\/devotion.es\/wp-content\/uploads\/2023\/05\/PF23_Maria_Lafuente_0117.jpg\" alt=\"\" class=\"wp-image-2848\" srcset=\"https:\/\/devotion.es\/wp-content\/uploads\/2023\/05\/PF23_Maria_Lafuente_0117.jpg 800w, https:\/\/devotion.es\/wp-content\/uploads\/2023\/05\/PF23_Maria_Lafuente_0117-120x180.jpg 120w, https:\/\/devotion.es\/wp-content\/uploads\/2023\/05\/PF23_Maria_Lafuente_0117-90x135.jpg 90w, https:\/\/devotion.es\/wp-content\/uploads\/2023\/05\/PF23_Maria_Lafuente_0117-320x480.jpg 320w, https:\/\/devotion.es\/wp-content\/uploads\/2023\/05\/PF23_Maria_Lafuente_0117-560x840.jpg 560w\" sizes=\"auto, (max-width: 800px) 100vw, 800px\" \/><\/figure>\n\n\n\n<figure class=\"wp-block-image size-large\"><img loading=\"lazy\" decoding=\"async\" width=\"800\" height=\"1200\" data-id=\"2839\" src=\"https:\/\/devotion.es\/wp-content\/uploads\/2023\/05\/PF23_Maria_Lafuente_0145.jpg\" alt=\"\" class=\"wp-image-2839\" srcset=\"https:\/\/devotion.es\/wp-content\/uploads\/2023\/05\/PF23_Maria_Lafuente_0145.jpg 800w, https:\/\/devotion.es\/wp-content\/uploads\/2023\/05\/PF23_Maria_Lafuente_0145-120x180.jpg 120w, https:\/\/devotion.es\/wp-content\/uploads\/2023\/05\/PF23_Maria_Lafuente_0145-90x135.jpg 90w, https:\/\/devotion.es\/wp-content\/uploads\/2023\/05\/PF23_Maria_Lafuente_0145-320x480.jpg 320w, https:\/\/devotion.es\/wp-content\/uploads\/2023\/05\/PF23_Maria_Lafuente_0145-560x840.jpg 560w\" sizes=\"auto, (max-width: 800px) 100vw, 800px\" \/><\/figure>\n\n\n\n<figure class=\"wp-block-image size-large\"><img loading=\"lazy\" decoding=\"async\" width=\"800\" height=\"1200\" data-id=\"2846\" src=\"https:\/\/devotion.es\/wp-content\/uploads\/2023\/05\/PF23_Maria_Lafuente_0251.jpg\" alt=\"\" class=\"wp-image-2846\" srcset=\"https:\/\/devotion.es\/wp-content\/uploads\/2023\/05\/PF23_Maria_Lafuente_0251.jpg 800w, https:\/\/devotion.es\/wp-content\/uploads\/2023\/05\/PF23_Maria_Lafuente_0251-120x180.jpg 120w, https:\/\/devotion.es\/wp-content\/uploads\/2023\/05\/PF23_Maria_Lafuente_0251-90x135.jpg 90w, https:\/\/devotion.es\/wp-content\/uploads\/2023\/05\/PF23_Maria_Lafuente_0251-320x480.jpg 320w, https:\/\/devotion.es\/wp-content\/uploads\/2023\/05\/PF23_Maria_Lafuente_0251-560x840.jpg 560w\" sizes=\"auto, (max-width: 800px) 100vw, 800px\" \/><\/figure>\n\n\n\n<figure class=\"wp-block-image size-large\"><img loading=\"lazy\" decoding=\"async\" width=\"1160\" height=\"1740\" data-id=\"2843\" src=\"https:\/\/devotion.es\/wp-content\/uploads\/2023\/05\/OMF8468bb-1160x1740.jpg\" alt=\"\" class=\"wp-image-2843\" srcset=\"https:\/\/devotion.es\/wp-content\/uploads\/2023\/05\/OMF8468bb-1160x1740.jpg 1160w, https:\/\/devotion.es\/wp-content\/uploads\/2023\/05\/OMF8468bb-800x1200.jpg 800w, https:\/\/devotion.es\/wp-content\/uploads\/2023\/05\/OMF8468bb-1024x1536.jpg 1024w, https:\/\/devotion.es\/wp-content\/uploads\/2023\/05\/OMF8468bb-120x180.jpg 120w, https:\/\/devotion.es\/wp-content\/uploads\/2023\/05\/OMF8468bb-90x135.jpg 90w, https:\/\/devotion.es\/wp-content\/uploads\/2023\/05\/OMF8468bb-320x480.jpg 320w, https:\/\/devotion.es\/wp-content\/uploads\/2023\/05\/OMF8468bb-560x840.jpg 560w, https:\/\/devotion.es\/wp-content\/uploads\/2023\/05\/OMF8468bb.jpg 1200w\" sizes=\"auto, (max-width: 1160px) 100vw, 1160px\" \/><\/figure>\n\n\n\n<figure class=\"wp-block-image size-large\"><img loading=\"lazy\" decoding=\"async\" width=\"1160\" height=\"1740\" data-id=\"2849\" src=\"https:\/\/devotion.es\/wp-content\/uploads\/2023\/05\/OMF8402bb-1160x1740.jpg\" alt=\"\" class=\"wp-image-2849\" srcset=\"https:\/\/devotion.es\/wp-content\/uploads\/2023\/05\/OMF8402bb-1160x1740.jpg 1160w, https:\/\/devotion.es\/wp-content\/uploads\/2023\/05\/OMF8402bb-800x1200.jpg 800w, https:\/\/devotion.es\/wp-content\/uploads\/2023\/05\/OMF8402bb-1024x1536.jpg 1024w, https:\/\/devotion.es\/wp-content\/uploads\/2023\/05\/OMF8402bb-120x180.jpg 120w, https:\/\/devotion.es\/wp-content\/uploads\/2023\/05\/OMF8402bb-90x135.jpg 90w, https:\/\/devotion.es\/wp-content\/uploads\/2023\/05\/OMF8402bb-320x480.jpg 320w, https:\/\/devotion.es\/wp-content\/uploads\/2023\/05\/OMF8402bb-560x840.jpg 560w, https:\/\/devotion.es\/wp-content\/uploads\/2023\/05\/OMF8402bb.jpg 1200w\" sizes=\"auto, (max-width: 1160px) 100vw, 1160px\" \/><\/figure>\n<\/figure>\n\n\n<div class=\"wp-block-post-author-name\">devotion<\/div>\n\n\n<p class=\"wp-block-paragraph\"><\/p>\n","protected":false},"excerpt":{"rendered":"<p>Maria Lafuente abre la MBFW con una colecci\u00f3n sostenible e innovadora \u201cINEFABLE. Algo tan incre\u00edble que no puede ser expresado con palabras<\/p>\n","protected":false},"author":1,"featured_media":2833,"comment_status":"open","ping_status":"open","sticky":false,"template":"","format":"standard","meta":{"_monsterinsights_skip_tracking":false,"_monsterinsights_sitenote_active":false,"_monsterinsights_sitenote_note":"","_monsterinsights_sitenote_category":0,"footnotes":""},"categories":[19,7,9],"tags":[23],"powerkit_post_featured":[],"class_list":["post-2828","post","type-post","status-publish","format-standard","has-post-thumbnail","category-eventos","category-fashion","category-news","tag-fashion"],"aioseo_notices":[],"_links":{"self":[{"href":"https:\/\/devotion.es\/index.php?rest_route=\/wp\/v2\/posts\/2828","targetHints":{"allow":["GET"]}}],"collection":[{"href":"https:\/\/devotion.es\/index.php?rest_route=\/wp\/v2\/posts"}],"about":[{"href":"https:\/\/devotion.es\/index.php?rest_route=\/wp\/v2\/types\/post"}],"author":[{"embeddable":true,"href":"https:\/\/devotion.es\/index.php?rest_route=\/wp\/v2\/users\/1"}],"replies":[{"embeddable":true,"href":"https:\/\/devotion.es\/index.php?rest_route=%2Fwp%2Fv2%2Fcomments&post=2828"}],"version-history":[{"count":1,"href":"https:\/\/devotion.es\/index.php?rest_route=\/wp\/v2\/posts\/2828\/revisions"}],"predecessor-version":[{"id":2850,"href":"https:\/\/devotion.es\/index.php?rest_route=\/wp\/v2\/posts\/2828\/revisions\/2850"}],"wp:featuredmedia":[{"embeddable":true,"href":"https:\/\/devotion.es\/index.php?rest_route=\/wp\/v2\/media\/2833"}],"wp:attachment":[{"href":"https:\/\/devotion.es\/index.php?rest_route=%2Fwp%2Fv2%2Fmedia&parent=2828"}],"wp:term":[{"taxonomy":"category","embeddable":true,"href":"https:\/\/devotion.es\/index.php?rest_route=%2Fwp%2Fv2%2Fcategories&post=2828"},{"taxonomy":"post_tag","embeddable":true,"href":"https:\/\/devotion.es\/index.php?rest_route=%2Fwp%2Fv2%2Ftags&post=2828"},{"taxonomy":"powerkit_post_featured","embeddable":true,"href":"https:\/\/devotion.es\/index.php?rest_route=%2Fwp%2Fv2%2Fpowerkit_post_featured&post=2828"}],"curies":[{"name":"wp","href":"https:\/\/api.w.org\/{rel}","templated":true}]}}