{"id":2953,"date":"2023-06-01T18:07:00","date_gmt":"2023-06-01T18:07:00","guid":{"rendered":"https:\/\/devotion.es\/?p=2953"},"modified":"2023-11-13T18:13:38","modified_gmt":"2023-11-13T18:13:38","slug":"hotel-lagerfeld-en-macao-descubre-el-lujo-y-la-elegancia-en-este-proyecto-hotelero-unico","status":"publish","type":"post","link":"https:\/\/devotion.es\/?p=2953","title":{"rendered":"Hotel Lagerfeld en Macao: Descubre el lujo y la elegancia en este proyecto hotelero \u00fanico"},"content":{"rendered":"\n<figure class=\"wp-block-image size-large\"><img loading=\"lazy\" decoding=\"async\" width=\"1160\" height=\"811\" src=\"https:\/\/devotion.es\/wp-content\/uploads\/2023\/11\/karl-lagerfeld-hotel-macau-1-1160x811.webp\" alt=\"\" class=\"wp-image-2958\" srcset=\"https:\/\/devotion.es\/wp-content\/uploads\/2023\/11\/karl-lagerfeld-hotel-macau-1-1160x811.webp 1160w, https:\/\/devotion.es\/wp-content\/uploads\/2023\/11\/karl-lagerfeld-hotel-macau-1-800x559.webp 800w, https:\/\/devotion.es\/wp-content\/uploads\/2023\/11\/karl-lagerfeld-hotel-macau-1-120x84.webp 120w, https:\/\/devotion.es\/wp-content\/uploads\/2023\/11\/karl-lagerfeld-hotel-macau-1-90x63.webp 90w, https:\/\/devotion.es\/wp-content\/uploads\/2023\/11\/karl-lagerfeld-hotel-macau-1-320x224.webp 320w, https:\/\/devotion.es\/wp-content\/uploads\/2023\/11\/karl-lagerfeld-hotel-macau-1-560x392.webp 560w, https:\/\/devotion.es\/wp-content\/uploads\/2023\/11\/karl-lagerfeld-hotel-macau-1.webp 1500w\" sizes=\"auto, (max-width: 1160px) 100vw, 1160px\" \/><\/figure>\n\n\n\n<p class=\"wp-block-paragraph\">\u00a1Descubre el legado del ic\u00f3nico dise\u00f1ador Karl Lagerfeld en el proyecto hotelero m\u00e1s ambicioso de todos los tiempos! En junio, se inaugurar\u00e1 oficialmente en Macao el espectacular Hotel Lagerfeld, un lujoso para\u00edso de cinco estrellas con 271 habitaciones. Sum\u00e9rgete en una fusi\u00f3n \u00fanica de dise\u00f1os chinos cl\u00e1sicos y est\u00e9tica occidental contempor\u00e1nea, donde el lujo y el estilo se unen en armon\u00eda.<\/p>\n\n\n\n<p class=\"wp-block-paragraph\">Adem\u00e1s de sus impresionantes habitaciones, este hotel de ensue\u00f1o ofrece una amplia gama de comodidades de primer nivel para hacer de tu estad\u00eda una experiencia inolvidable. Imag\u00ednate sumergi\u00e9ndote en un sal\u00f3n lleno de 4000 libros, deleit\u00e1ndote con la exquisita gastronom\u00eda del reconocido chef portugu\u00e9s Jos\u00e9 Avillez en su restaurante Mesa, o relaj\u00e1ndote en una piscina cubierta de ensue\u00f1o.<\/p>\n\n\n\n<p class=\"wp-block-paragraph\">El Hotel Lagerfeld es mucho m\u00e1s que un simple lugar para descansar; es un verdadero tributo al arte, la elegancia y la sofisticaci\u00f3n. Cada rinc\u00f3n de este majestuoso hotel ha sido dise\u00f1ado meticulosamente para brindarte una experiencia \u00fanica y cautivadora.<\/p>\n\n\n\n<p class=\"wp-block-paragraph\">\u00bfEst\u00e1s listo para vivir una experiencia de lujo sin igual? la gran inauguraci\u00f3n del Hotel Lagerfeld en junio y d\u00e9jate seducir por la magia y el encanto de este excepcional hotel en Macao. \u00a1No te pierdas esta oportunidad de sumergirte en el legado de uno de los dise\u00f1adores m\u00e1s influyentes de nuestro tiempo!&#8221;<\/p>\n","protected":false},"excerpt":{"rendered":"<p>\u00a1Descubre el legado del ic\u00f3nico dise\u00f1ador Karl Lagerfeld en el proyecto hotelero m\u00e1s ambicioso de todos los tiempos! En junio, se inaugurar\u00e1 oficialmente en Macao el espectacular Hotel Lagerfeld, un&hellip;<\/p>\n","protected":false},"author":1,"featured_media":2958,"comment_status":"open","ping_status":"open","sticky":false,"template":"","format":"standard","meta":{"_monsterinsights_skip_tracking":false,"_monsterinsights_sitenote_active":false,"_monsterinsights_sitenote_note":"","_monsterinsights_sitenote_category":0,"footnotes":""},"categories":[19,7,10,9],"tags":[23,24],"powerkit_post_featured":[],"class_list":["post-2953","post","type-post","status-publish","format-standard","has-post-thumbnail","category-eventos","category-fashion","category-lifestyle","category-news","tag-fashion","tag-news"],"aioseo_notices":[],"_links":{"self":[{"href":"https:\/\/devotion.es\/index.php?rest_route=\/wp\/v2\/posts\/2953","targetHints":{"allow":["GET"]}}],"collection":[{"href":"https:\/\/devotion.es\/index.php?rest_route=\/wp\/v2\/posts"}],"about":[{"href":"https:\/\/devotion.es\/index.php?rest_route=\/wp\/v2\/types\/post"}],"author":[{"embeddable":true,"href":"https:\/\/devotion.es\/index.php?rest_route=\/wp\/v2\/users\/1"}],"replies":[{"embeddable":true,"href":"https:\/\/devotion.es\/index.php?rest_route=%2Fwp%2Fv2%2Fcomments&post=2953"}],"version-history":[{"count":1,"href":"https:\/\/devotion.es\/index.php?rest_route=\/wp\/v2\/posts\/2953\/revisions"}],"predecessor-version":[{"id":2959,"href":"https:\/\/devotion.es\/index.php?rest_route=\/wp\/v2\/posts\/2953\/revisions\/2959"}],"wp:featuredmedia":[{"embeddable":true,"href":"https:\/\/devotion.es\/index.php?rest_route=\/wp\/v2\/media\/2958"}],"wp:attachment":[{"href":"https:\/\/devotion.es\/index.php?rest_route=%2Fwp%2Fv2%2Fmedia&parent=2953"}],"wp:term":[{"taxonomy":"category","embeddable":true,"href":"https:\/\/devotion.es\/index.php?rest_route=%2Fwp%2Fv2%2Fcategories&post=2953"},{"taxonomy":"post_tag","embeddable":true,"href":"https:\/\/devotion.es\/index.php?rest_route=%2Fwp%2Fv2%2Ftags&post=2953"},{"taxonomy":"powerkit_post_featured","embeddable":true,"href":"https:\/\/devotion.es\/index.php?rest_route=%2Fwp%2Fv2%2Fpowerkit_post_featured&post=2953"}],"curies":[{"name":"wp","href":"https:\/\/api.w.org\/{rel}","templated":true}]}}