{"id":2961,"date":"2024-03-07T06:12:00","date_gmt":"2024-03-07T06:12:00","guid":{"rendered":"https:\/\/devotion.es\/?p=2961"},"modified":"2024-04-11T06:34:56","modified_gmt":"2024-04-11T06:34:56","slug":"diego-villalba-un-viaje-cautivador-entre-moda-y-arte","status":"publish","type":"post","link":"https:\/\/devotion.es\/?p=2961","title":{"rendered":"Diego Villalba: Un Viaje Cautivador entre Moda y Arte"},"content":{"rendered":"\n<p class=\"wp-block-paragraph\"><\/p>\n\n\n<div class=\"wp-block-image\">\n<figure class=\"aligncenter size-full is-resized\"><img loading=\"lazy\" decoding=\"async\" width=\"912\" height=\"1282\" src=\"https:\/\/devotion.es\/wp-content\/uploads\/2024\/04\/DIEGO-Villalba-1.png\" alt=\"\" class=\"wp-image-2963\" style=\"width:301px;height:auto\" srcset=\"https:\/\/devotion.es\/wp-content\/uploads\/2024\/04\/DIEGO-Villalba-1.png 912w, https:\/\/devotion.es\/wp-content\/uploads\/2024\/04\/DIEGO-Villalba-1-800x1125.png 800w, https:\/\/devotion.es\/wp-content\/uploads\/2024\/04\/DIEGO-Villalba-1-120x169.png 120w, https:\/\/devotion.es\/wp-content\/uploads\/2024\/04\/DIEGO-Villalba-1-90x127.png 90w, https:\/\/devotion.es\/wp-content\/uploads\/2024\/04\/DIEGO-Villalba-1-320x450.png 320w, https:\/\/devotion.es\/wp-content\/uploads\/2024\/04\/DIEGO-Villalba-1-560x787.png 560w\" sizes=\"auto, (max-width: 912px) 100vw, 912px\" \/><\/figure>\n<\/div>\n\n\n<p class=\"wp-block-paragraph\">El reconocido director creativo <strong>Diego Villalba<\/strong> nos invita a sumergirnos en una experiencia sin igual con el lanzamiento de su nueva colecci\u00f3n, una exposici\u00f3n que desaf\u00eda las convenciones y fusiona su maestr\u00eda en la alta costura con su expresi\u00f3n art\u00edstica en pintura y escultura.<\/p>\n\n\n\n<p class=\"wp-block-paragraph\"><strong>Un Universo Creativo sin L\u00edmites<\/strong>. <\/p>\n\n\n\n<p class=\"wp-block-paragraph\">La muestra, que se inaugur\u00f3 el 5 de marzo en la sede de la firma en la calle Conde de Aranda de Madrid, transforma el espacio expositivo en un escenario impresionante donde las creaciones m\u00e1s ic\u00f3nicas de Villalba se fusionan con su obra m\u00e1s personal.<\/p>\n\n\n\n<p class=\"wp-block-paragraph\"><strong>Un Homenaje a la Trayectoria y un Di\u00e1logo con el Arte Contempor\u00e1neo<\/strong>.<\/p>\n\n\n\n<p class=\"wp-block-paragraph\">La colecci\u00f3n, cuidadosamente elaborada a lo largo de la trayectoria de Villalba, no solo celebra su habilidad en diversas formas art\u00edsticas, sino que tambi\u00e9n establece un di\u00e1logo consciente con el panorama art\u00edstico contempor\u00e1neo. Cada pieza, una mezcla \u00fanica de moda y arte, invita a los espectadores a explorar un universo donde los l\u00edmites entre tela y pintura, entre costura y escultura, se difuminan elegantemente.<\/p>\n\n\n\n<p class=\"wp-block-paragraph\"><strong>Un Acercamiento al Proceso Creativo<\/strong>.<\/p>\n\n\n\n<p class=\"wp-block-paragraph\">Despu\u00e9s de m\u00e1s de un a\u00f1o de investigaci\u00f3n y creaci\u00f3n, Villalba nos propone un recorrido por cada uno de los espacios de su atelier, mostrando el trabajo del equipo de costura en el d\u00eda a d\u00eda e incorporando a su obra estructuras y objetos utilizados en la confecci\u00f3n de las prendas. La exposici\u00f3n se compone de m\u00e1s de 50 piezas que hacen referencia al universo de la firma desde su fundaci\u00f3n en 1976.<\/p>\n\n\n\n<figure class=\"wp-block-gallery has-nested-images columns-default is-cropped wp-block-gallery-1 is-layout-flex wp-block-gallery-is-layout-flex\">\n<figure class=\"wp-block-image size-large\"><img loading=\"lazy\" decoding=\"async\" width=\"690\" height=\"334\" data-id=\"2964\" src=\"https:\/\/devotion.es\/wp-content\/uploads\/2024\/04\/ARTE-Y-MODA.png\" alt=\"\" class=\"wp-image-2964\" srcset=\"https:\/\/devotion.es\/wp-content\/uploads\/2024\/04\/ARTE-Y-MODA.png 690w, https:\/\/devotion.es\/wp-content\/uploads\/2024\/04\/ARTE-Y-MODA-120x58.png 120w, https:\/\/devotion.es\/wp-content\/uploads\/2024\/04\/ARTE-Y-MODA-90x44.png 90w, https:\/\/devotion.es\/wp-content\/uploads\/2024\/04\/ARTE-Y-MODA-320x155.png 320w, https:\/\/devotion.es\/wp-content\/uploads\/2024\/04\/ARTE-Y-MODA-560x271.png 560w\" sizes=\"auto, (max-width: 690px) 100vw, 690px\" \/><\/figure>\n<\/figure>\n\n\n\n<p class=\"wp-block-paragraph\"><strong>M\u00e1s all\u00e1 de la Moda: Una Experiencia Inmersiva<\/strong>.<\/p>\n\n\n\n<p class=\"wp-block-paragraph\">La obra de Villalba, m\u00e1s all\u00e1 de celebrar su maestr\u00eda, propone una experiencia inmersiva donde la moda se convierte en un medio de expresi\u00f3n visual y conceptual. Esta exposici\u00f3n desaf\u00eda convenciones, redefine la experiencia art\u00edstica y establece un di\u00e1logo significativo con el arte contempor\u00e1neo.<\/p>\n\n\n\n<p class=\"wp-block-paragraph\"><strong>En Palabras del Artista<\/strong>.<\/p>\n\n\n\n<p class=\"wp-block-paragraph\">&#8220;Al tratarse de mi primera serie, era irremediable que mis creaciones estuvieran \u00edntimamente ligadas a la moda, un campo en el que he trabajado durante much\u00edsimos a\u00f1os, y en el que he vivido toda mi vida. Como artista, estoy inmerso en un proceso de definici\u00f3n. Una vez m\u00e1s, vuelvo a ser un aprendiz. En &#8216;Lo siguiente&#8217; hay mucho de m\u00ed yo m\u00e1s reciente. En lugar de un maniqu\u00ed, he plasmado en un lienzo, y he utilizado materiales que me son muy conocidos, como patrones, las tachuelas y tejidos. Todo s\u00e9 entrelaza para crear una simbiosis de dos mundos, con obras cosidas a mano y colgadas sobre barras y vestidos colgados como cuadros.&#8221;<\/p>\n\n\n\n<p class=\"wp-block-paragraph\"><strong>Una Invitaci\u00f3n a Explorar y Descubrir<\/strong><\/p>\n\n\n\n<p class=\"wp-block-paragraph\">En este nuevo espacio expositivo, el artista demuestra magistralmente que el arte puede trascender las barreras de los medios convencionales. Cada pieza cuenta una historia \u00fanica, donde las prendas de costura se transforman en instrumentos de expresi\u00f3n art\u00edstica, resaltando el potencial creativo de la moda. La fusi\u00f3n de materiales y conceptos ofrece a los visitantes un viaje cautivador, desafiando expectativas y demostrando que la creatividad aut\u00e9ntica no conoce l\u00edmites.<\/p>\n\n\n\n<p class=\"wp-block-paragraph\"><strong>Informaci\u00f3n de la Exposici\u00f3n<\/strong> : <\/p>\n\n\n\n<ul class=\"wp-block-list\">\n<li><strong>Fechas:<\/strong>\u00a06 al 10 de marzo (horario comercial) y 11 de marzo al 11 de abril (bajo cita)<\/li>\n\n\n\n<li><strong>Lugar:<\/strong>\u00a0Atelier Diego Villalba, Calle Conde de Aranda, Madrid<\/li>\n<\/ul>\n\n\n\n<p class=\"has-text-align-center wp-block-paragraph\">\u00a1<strong>No te pierdas esta oportunidad \u00fanica de sumergirte en el cautivador universo creativo de Diego Villalba.<\/strong>!<\/p>\n","protected":false},"excerpt":{"rendered":"<p>El reconocido director creativo Diego Villalba nos invita a sumergirnos en una experiencia sin igual con el lanzamiento de su nueva colecci\u00f3n, una exposici\u00f3n que desaf\u00eda las convenciones y fusiona&hellip;<\/p>\n","protected":false},"author":1,"featured_media":2963,"comment_status":"open","ping_status":"open","sticky":false,"template":"","format":"standard","meta":{"_monsterinsights_skip_tracking":false,"_monsterinsights_sitenote_active":false,"_monsterinsights_sitenote_note":"","_monsterinsights_sitenote_category":0,"footnotes":""},"categories":[19,7,10],"tags":[23,24],"powerkit_post_featured":[],"class_list":["post-2961","post","type-post","status-publish","format-standard","has-post-thumbnail","category-eventos","category-fashion","category-lifestyle","tag-fashion","tag-news"],"aioseo_notices":[],"_links":{"self":[{"href":"https:\/\/devotion.es\/index.php?rest_route=\/wp\/v2\/posts\/2961","targetHints":{"allow":["GET"]}}],"collection":[{"href":"https:\/\/devotion.es\/index.php?rest_route=\/wp\/v2\/posts"}],"about":[{"href":"https:\/\/devotion.es\/index.php?rest_route=\/wp\/v2\/types\/post"}],"author":[{"embeddable":true,"href":"https:\/\/devotion.es\/index.php?rest_route=\/wp\/v2\/users\/1"}],"replies":[{"embeddable":true,"href":"https:\/\/devotion.es\/index.php?rest_route=%2Fwp%2Fv2%2Fcomments&post=2961"}],"version-history":[{"count":1,"href":"https:\/\/devotion.es\/index.php?rest_route=\/wp\/v2\/posts\/2961\/revisions"}],"predecessor-version":[{"id":2966,"href":"https:\/\/devotion.es\/index.php?rest_route=\/wp\/v2\/posts\/2961\/revisions\/2966"}],"wp:featuredmedia":[{"embeddable":true,"href":"https:\/\/devotion.es\/index.php?rest_route=\/wp\/v2\/media\/2963"}],"wp:attachment":[{"href":"https:\/\/devotion.es\/index.php?rest_route=%2Fwp%2Fv2%2Fmedia&parent=2961"}],"wp:term":[{"taxonomy":"category","embeddable":true,"href":"https:\/\/devotion.es\/index.php?rest_route=%2Fwp%2Fv2%2Fcategories&post=2961"},{"taxonomy":"post_tag","embeddable":true,"href":"https:\/\/devotion.es\/index.php?rest_route=%2Fwp%2Fv2%2Ftags&post=2961"},{"taxonomy":"powerkit_post_featured","embeddable":true,"href":"https:\/\/devotion.es\/index.php?rest_route=%2Fwp%2Fv2%2Fpowerkit_post_featured&post=2961"}],"curies":[{"name":"wp","href":"https:\/\/api.w.org\/{rel}","templated":true}]}}