{"id":3027,"date":"2024-05-15T18:58:23","date_gmt":"2024-05-15T18:58:23","guid":{"rendered":"https:\/\/devotion.es\/?p=3027"},"modified":"2024-05-15T19:12:09","modified_gmt":"2024-05-15T19:12:09","slug":"san-redsidro-la-fiesta-castiza-que-revoluciono-madrid","status":"publish","type":"post","link":"https:\/\/devotion.es\/?p=3027","title":{"rendered":"\u00a1San REDSIDRO: La fiesta castiza que revolucion\u00f3 Madrid!\u00a0"},"content":{"rendered":"<div class=\"wp-block-image\">\n<figure class=\"aligncenter size-full is-resized\"><img loading=\"lazy\" decoding=\"async\" width=\"1795\" height=\"2560\" src=\"https:\/\/devotion.es\/wp-content\/uploads\/2024\/05\/IMG_7149-scaled.jpg\" alt=\"\" class=\"wp-image-3036\" style=\"width:309px;height:auto\" srcset=\"https:\/\/devotion.es\/wp-content\/uploads\/2024\/05\/IMG_7149-scaled.jpg 1795w, https:\/\/devotion.es\/wp-content\/uploads\/2024\/05\/IMG_7149-800x1141.jpg 800w, https:\/\/devotion.es\/wp-content\/uploads\/2024\/05\/IMG_7149-1160x1655.jpg 1160w, https:\/\/devotion.es\/wp-content\/uploads\/2024\/05\/IMG_7149-1077x1536.jpg 1077w, https:\/\/devotion.es\/wp-content\/uploads\/2024\/05\/IMG_7149-1436x2048.jpg 1436w, https:\/\/devotion.es\/wp-content\/uploads\/2024\/05\/IMG_7149-120x171.jpg 120w, https:\/\/devotion.es\/wp-content\/uploads\/2024\/05\/IMG_7149-90x128.jpg 90w, https:\/\/devotion.es\/wp-content\/uploads\/2024\/05\/IMG_7149-320x456.jpg 320w, https:\/\/devotion.es\/wp-content\/uploads\/2024\/05\/IMG_7149-560x799.jpg 560w, https:\/\/devotion.es\/wp-content\/uploads\/2024\/05\/IMG_7149-1920x2739.jpg 1920w\" sizes=\"auto, (max-width: 1795px) 100vw, 1795px\" \/><\/figure>\n<\/div>\n\n\n<p class=\"wp-block-paragraph\">\u00a1Te contamos todo lo que pas\u00f3 el pasado 14 de mayo, el <strong>Radisson RED Madrid<\/strong> se convirti\u00f3 en el epicentro de la diversi\u00f3n con <strong>San REDSIDRO<\/strong>, una verbena castiza con un toque moderno que conquist\u00f3 a todos los madrile\u00f1os.<\/p>\n\n\n<div class=\"wp-block-image\">\n<figure class=\"aligncenter size-full is-resized\"><img loading=\"lazy\" decoding=\"async\" width=\"800\" height=\"601\" src=\"https:\/\/devotion.es\/wp-content\/uploads\/2024\/05\/menu-degustacion-restaurante-basque-eneko-madrid-04-1.jpg\" alt=\"\" class=\"wp-image-3037\" style=\"width:451px;height:auto\" srcset=\"https:\/\/devotion.es\/wp-content\/uploads\/2024\/05\/menu-degustacion-restaurante-basque-eneko-madrid-04-1.jpg 800w, https:\/\/devotion.es\/wp-content\/uploads\/2024\/05\/menu-degustacion-restaurante-basque-eneko-madrid-04-1-320x240.jpg 320w, https:\/\/devotion.es\/wp-content\/uploads\/2024\/05\/menu-degustacion-restaurante-basque-eneko-madrid-04-1-300x225.jpg 300w, https:\/\/devotion.es\/wp-content\/uploads\/2024\/05\/menu-degustacion-restaurante-basque-eneko-madrid-04-1-120x90.jpg 120w, https:\/\/devotion.es\/wp-content\/uploads\/2024\/05\/menu-degustacion-restaurante-basque-eneko-madrid-04-1-90x68.jpg 90w, https:\/\/devotion.es\/wp-content\/uploads\/2024\/05\/menu-degustacion-restaurante-basque-eneko-madrid-04-1-560x420.jpg 560w\" sizes=\"auto, (max-width: 800px) 100vw, 800px\" \/><\/figure>\n<\/div>\n\n\n<p class=\"wp-block-paragraph\"><strong>Un men\u00fa de 10 firmado por Eneko Atxa<\/strong><\/p>\n\n\n\n<p class=\"wp-block-paragraph\">El chef vasco <a href=\"https:\/\/enekoatxa.com\/\"><strong>Eneko Atxa<\/strong>,<\/a> galardonado con 5&nbsp; estrellas Michelin, puso su sello personal a la velada con un men\u00fa degustaci\u00f3n de altura. Platos t\u00edpicos madrile\u00f1os reinterpretados con la maestr\u00eda y creatividad de Atxa, deleitaron a los paladares m\u00e1s exigentes. <strong>\u00a1Una experiencia gastron\u00f3mica \u00fanica que nadie olvidar\u00e1!<\/strong><\/p>\n\n\n\n<p class=\"wp-block-paragraph\"><strong>M\u00fasica en directo para bailar sin parar<\/strong><\/p>\n\n\n\n<figure class=\"wp-block-image size-full\"><img loading=\"lazy\" decoding=\"async\" width=\"2560\" height=\"2076\" src=\"https:\/\/devotion.es\/wp-content\/uploads\/2024\/05\/IMG_7285-scaled.jpg\" alt=\"\" class=\"wp-image-3033\" srcset=\"https:\/\/devotion.es\/wp-content\/uploads\/2024\/05\/IMG_7285-scaled.jpg 2560w, https:\/\/devotion.es\/wp-content\/uploads\/2024\/05\/IMG_7285-800x649.jpg 800w, https:\/\/devotion.es\/wp-content\/uploads\/2024\/05\/IMG_7285-1160x941.jpg 1160w, https:\/\/devotion.es\/wp-content\/uploads\/2024\/05\/IMG_7285-1536x1245.jpg 1536w, https:\/\/devotion.es\/wp-content\/uploads\/2024\/05\/IMG_7285-2048x1661.jpg 2048w, https:\/\/devotion.es\/wp-content\/uploads\/2024\/05\/IMG_7285-120x97.jpg 120w, https:\/\/devotion.es\/wp-content\/uploads\/2024\/05\/IMG_7285-90x73.jpg 90w, https:\/\/devotion.es\/wp-content\/uploads\/2024\/05\/IMG_7285-320x259.jpg 320w, https:\/\/devotion.es\/wp-content\/uploads\/2024\/05\/IMG_7285-560x454.jpg 560w, https:\/\/devotion.es\/wp-content\/uploads\/2024\/05\/IMG_7285-1920x1557.jpg 1920w\" sizes=\"auto, (max-width: 2560px) 100vw, 2560px\" \/><\/figure>\n\n\n\n<p class=\"wp-block-paragraph\">La noche estuvo amenizada por el grupo <a href=\"https:\/\/thirdfloorock.com\/\"><strong>The Third Floor<\/strong>,<\/a> que puso a bailar a todos los asistentes con su rock cl\u00e1sico y su energ\u00eda contagiosa. Un repertorio perfecto para celebrar San Isidro por todo lo alto.<\/p>\n\n\n\n<p class=\"wp-block-paragraph\"><strong>The Life Crew: Los art\u00edfices de la magia<\/strong><\/p>\n\n\n\n<p class=\"wp-block-paragraph\">Detr\u00e1s de esta gran fiesta se encontraba <a href=\"https:\/\/www.thelifecrew.com\/\">The Live Crew,<\/a> una agencia de eventos con gran experiencia en la organizaci\u00f3n de eventos memorables. Su profesionalidad y buen hacer fueron claves para el \u00e9xito rotundo de San REDSIDRO.<\/p>\n\n\n\n<p class=\"wp-block-paragraph\"><strong>\u00a1Atenci\u00f3n!<\/strong> La fiesta <strong>San REDSIDRO<\/strong> contin\u00faa <strong>hasta el pr\u00f3ximo 19 de mayo<\/strong>. No te pierdas la oportunidad de vivir una experiencia gastro y cultural \u00fanica en e<a href=\"https:\/\/www.radissonhotels.com\/es-es\/marca\/radisson-red?facilitatorId=RHGSEM&amp;cid=a%3Aps+b%3Aggl+c%3Aemea+i%3Abrand+e%3Ardr+r%3Atlb+f%3Aes-ES+g%3Acl+h%3AMultiple+v%3Acf&amp;gad_source=1&amp;gclid=CjwKCAjwupGyBhBBEiwA0UcqaEYQImwmH6haZdtZiBOjv6FG2Zo4H44d397TvJd7w8BTHRIkU21inBoCTsYQAvD_BwE&amp;gclsrc=aw.ds\">l <strong>Radisson RED Madrid<\/strong><\/a>.<\/p>\n\n\n\n<p class=\"wp-block-paragraph\"><\/p>\n\n\n\n<figure class=\"wp-block-image size-large\"><img loading=\"lazy\" decoding=\"async\" width=\"1160\" height=\"773\" src=\"https:\/\/devotion.es\/wp-content\/uploads\/2024\/05\/ENEKO.Basque.Radisson.RED_.3-1160x773.jpg\" alt=\"\" class=\"wp-image-3031\" srcset=\"https:\/\/devotion.es\/wp-content\/uploads\/2024\/05\/ENEKO.Basque.Radisson.RED_.3-1160x773.jpg 1160w, https:\/\/devotion.es\/wp-content\/uploads\/2024\/05\/ENEKO.Basque.Radisson.RED_.3-800x533.jpg 800w, https:\/\/devotion.es\/wp-content\/uploads\/2024\/05\/ENEKO.Basque.Radisson.RED_.3-120x80.jpg 120w, https:\/\/devotion.es\/wp-content\/uploads\/2024\/05\/ENEKO.Basque.Radisson.RED_.3-90x60.jpg 90w, https:\/\/devotion.es\/wp-content\/uploads\/2024\/05\/ENEKO.Basque.Radisson.RED_.3-320x213.jpg 320w, https:\/\/devotion.es\/wp-content\/uploads\/2024\/05\/ENEKO.Basque.Radisson.RED_.3-560x373.jpg 560w, https:\/\/devotion.es\/wp-content\/uploads\/2024\/05\/ENEKO.Basque.Radisson.RED_.3.jpg 1200w\" sizes=\"auto, (max-width: 1160px) 100vw, 1160px\" \/><\/figure>\n\n\n\n<p class=\"wp-block-paragraph\"><strong>\u00bfQu\u00e9 te espera?<\/strong><\/p>\n\n\n\n<ul class=\"wp-block-list\">\n<li>Un men\u00fa degustaci\u00f3n de Eneko Atxa con platos t\u00edpicos madrile\u00f1os reinterpretados con un toque moderno.<\/li>\n\n\n\n<li>M\u00fasica en directo con diferentes grupos y DJs.<\/li>\n\n\n\n<li>Un ambiente festivo y animado para celebrar San Isidro por todo lo alto.<\/li>\n<\/ul>\n\n\n\n<p class=\"wp-block-paragraph\">\u00a1 prep\u00e1rate para disfrutar de un San REDSIDRO inolvidable.<\/p>\n\n\n\n<p class=\"wp-block-paragraph\"><\/p>\n","protected":false},"excerpt":{"rendered":"<p>\u00a1Te contamos todo lo que pas\u00f3 el pasado 14 de mayo, el Radisson RED Madrid se convirti\u00f3 en el epicentro de la diversi\u00f3n con San REDSIDRO, una verbena castiza con&hellip;<\/p>\n","protected":false},"author":1,"featured_media":3028,"comment_status":"open","ping_status":"open","sticky":false,"template":"","format":"standard","meta":{"_monsterinsights_skip_tracking":false,"_monsterinsights_sitenote_active":false,"_monsterinsights_sitenote_note":"","_monsterinsights_sitenote_category":0,"footnotes":""},"categories":[19,7,10,9],"tags":[],"powerkit_post_featured":[],"class_list":["post-3027","post","type-post","status-publish","format-standard","has-post-thumbnail","category-eventos","category-fashion","category-lifestyle","category-news"],"aioseo_notices":[],"_links":{"self":[{"href":"https:\/\/devotion.es\/index.php?rest_route=\/wp\/v2\/posts\/3027","targetHints":{"allow":["GET"]}}],"collection":[{"href":"https:\/\/devotion.es\/index.php?rest_route=\/wp\/v2\/posts"}],"about":[{"href":"https:\/\/devotion.es\/index.php?rest_route=\/wp\/v2\/types\/post"}],"author":[{"embeddable":true,"href":"https:\/\/devotion.es\/index.php?rest_route=\/wp\/v2\/users\/1"}],"replies":[{"embeddable":true,"href":"https:\/\/devotion.es\/index.php?rest_route=%2Fwp%2Fv2%2Fcomments&post=3027"}],"version-history":[{"count":3,"href":"https:\/\/devotion.es\/index.php?rest_route=\/wp\/v2\/posts\/3027\/revisions"}],"predecessor-version":[{"id":3038,"href":"https:\/\/devotion.es\/index.php?rest_route=\/wp\/v2\/posts\/3027\/revisions\/3038"}],"wp:featuredmedia":[{"embeddable":true,"href":"https:\/\/devotion.es\/index.php?rest_route=\/wp\/v2\/media\/3028"}],"wp:attachment":[{"href":"https:\/\/devotion.es\/index.php?rest_route=%2Fwp%2Fv2%2Fmedia&parent=3027"}],"wp:term":[{"taxonomy":"category","embeddable":true,"href":"https:\/\/devotion.es\/index.php?rest_route=%2Fwp%2Fv2%2Fcategories&post=3027"},{"taxonomy":"post_tag","embeddable":true,"href":"https:\/\/devotion.es\/index.php?rest_route=%2Fwp%2Fv2%2Ftags&post=3027"},{"taxonomy":"powerkit_post_featured","embeddable":true,"href":"https:\/\/devotion.es\/index.php?rest_route=%2Fwp%2Fv2%2Fpowerkit_post_featured&post=3027"}],"curies":[{"name":"wp","href":"https:\/\/api.w.org\/{rel}","templated":true}]}}