{"id":3060,"date":"2025-03-04T17:15:45","date_gmt":"2025-03-04T17:15:45","guid":{"rendered":"https:\/\/devotion.es\/?p=3060"},"modified":"2025-04-02T18:05:21","modified_gmt":"2025-04-02T18:05:21","slug":"casa-ecuador-2025","status":"publish","type":"post","link":"https:\/\/devotion.es\/?p=3060","title":{"rendered":"Casa Ecuador 2025"},"content":{"rendered":"\n<p class=\"wp-block-paragraph\"><\/p>\n\n\n\n<figure class=\"wp-block-gallery has-nested-images columns-default is-cropped wp-block-gallery-1 is-layout-flex wp-block-gallery-is-layout-flex\">\n<figure class=\"wp-block-image size-full\"><img loading=\"lazy\" decoding=\"async\" width=\"1140\" height=\"1148\" data-id=\"3077\" src=\"https:\/\/devotion.es\/wp-content\/uploads\/2025\/03\/Captura-de-pantalla-2025-04-02-a-las-19.25.38.png\" alt=\"\" class=\"wp-image-3077\" srcset=\"https:\/\/devotion.es\/wp-content\/uploads\/2025\/03\/Captura-de-pantalla-2025-04-02-a-las-19.25.38.png 1140w, https:\/\/devotion.es\/wp-content\/uploads\/2025\/03\/Captura-de-pantalla-2025-04-02-a-las-19.25.38-800x806.png 800w, https:\/\/devotion.es\/wp-content\/uploads\/2025\/03\/Captura-de-pantalla-2025-04-02-a-las-19.25.38-80x80.png 80w, https:\/\/devotion.es\/wp-content\/uploads\/2025\/03\/Captura-de-pantalla-2025-04-02-a-las-19.25.38-120x120.png 120w, https:\/\/devotion.es\/wp-content\/uploads\/2025\/03\/Captura-de-pantalla-2025-04-02-a-las-19.25.38-90x90.png 90w, https:\/\/devotion.es\/wp-content\/uploads\/2025\/03\/Captura-de-pantalla-2025-04-02-a-las-19.25.38-320x322.png 320w, https:\/\/devotion.es\/wp-content\/uploads\/2025\/03\/Captura-de-pantalla-2025-04-02-a-las-19.25.38-560x564.png 560w\" sizes=\"auto, (max-width: 1140px) 100vw, 1140px\" \/><\/figure>\n<\/figure>\n\n\n\n<p class=\"wp-block-paragraph\"><\/p>\n\n\n\n<p class=\"wp-block-paragraph\">El evento se celebr\u00f3 del 4 al 9 de marzo en el exclusivo Palacete de Serrano 95, con muestras de arte, gastronom\u00eda y productos premium del Ecuador.<\/p>\n\n\n\n<p class=\"wp-block-paragraph\">La&nbsp;<strong>Fundaci\u00f3n Identidad Nacional (FIN)<\/strong>, presidida por&nbsp;<strong>Luis Felipe Fern\u00e1ndez-Salvador y Campod\u00f3nico (Marqu\u00e9s de Lises)<\/strong>, ha presentado en el Centro de Convenciones de Guayaquil la segunda edici\u00f3n de&nbsp;<strong>Casa Ecuador<\/strong>, una experiencia sensorial inmersiva que, con el apoyo de la&nbsp;<strong>Embajada del Ecuador en Espa\u00f1a<\/strong>, busca promocionar el arte, la biodiversidad, la cultura y la gastronom\u00eda ecuatoriana ante la sociedad civil espa\u00f1ola.<\/p>\n\n\n\n<figure class=\"wp-block-image size-large\"><img loading=\"lazy\" decoding=\"async\" width=\"1160\" height=\"822\" src=\"https:\/\/devotion.es\/wp-content\/uploads\/2025\/04\/Captura-de-pantalla-2025-04-02-a-las-19.42.23-1160x822.png\" alt=\"\" class=\"wp-image-3068\" srcset=\"https:\/\/devotion.es\/wp-content\/uploads\/2025\/04\/Captura-de-pantalla-2025-04-02-a-las-19.42.23-1160x822.png 1160w, https:\/\/devotion.es\/wp-content\/uploads\/2025\/04\/Captura-de-pantalla-2025-04-02-a-las-19.42.23-800x567.png 800w, https:\/\/devotion.es\/wp-content\/uploads\/2025\/04\/Captura-de-pantalla-2025-04-02-a-las-19.42.23-120x85.png 120w, https:\/\/devotion.es\/wp-content\/uploads\/2025\/04\/Captura-de-pantalla-2025-04-02-a-las-19.42.23-90x64.png 90w, https:\/\/devotion.es\/wp-content\/uploads\/2025\/04\/Captura-de-pantalla-2025-04-02-a-las-19.42.23-320x227.png 320w, https:\/\/devotion.es\/wp-content\/uploads\/2025\/04\/Captura-de-pantalla-2025-04-02-a-las-19.42.23-560x397.png 560w, https:\/\/devotion.es\/wp-content\/uploads\/2025\/04\/Captura-de-pantalla-2025-04-02-a-las-19.42.23.png 1222w\" sizes=\"auto, (max-width: 1160px) 100vw, 1160px\" \/><\/figure>\n\n\n\n<p class=\"wp-block-paragraph\"><\/p>\n\n\n\n<p class=\"wp-block-paragraph\">Tras su exitoso debut en los Juegos Ol\u00edmpicos de&nbsp;<strong>Par\u00eds 2024<\/strong>, donde recibi\u00f3 m\u00e1s de&nbsp;<strong>3.000 visitantes diarios<\/strong>, Casa Ecuador llega a Madrid del&nbsp;<strong>4 al 9 de marzo de 2025<\/strong>, en el marco de la&nbsp;<strong>Semana de las Artes<\/strong>. Este evento se desarrollar\u00e1 en el&nbsp;<strong>Palacete de Serrano 95<\/strong>, en el exclusivo barrio de Salamanca, con acceso al p\u00fablico en horario de&nbsp;<strong>12:00 a 18:00 horas<\/strong>&nbsp;y galas exclusivas en la noche para personalidades del \u00e1mbito aristocr\u00e1tico, art\u00edstico, diplom\u00e1tico, empresarial y pol\u00edtico de Espa\u00f1a e Iberoam\u00e9rica.<\/p>\n\n\n\n<h2 id=\"una-muestra-de-la-riqueza-cultural-y-gastronomica-del-ecuador\" class=\"wp-block-heading\">Una muestra de la riqueza cultural y gastron\u00f3mica del Ecuador<\/h2>\n\n\n\n<figure class=\"wp-block-image size-full\"><img loading=\"lazy\" decoding=\"async\" width=\"900\" height=\"600\" src=\"https:\/\/devotion.es\/wp-content\/uploads\/2025\/04\/casa-ecuador-2025.jpg\" alt=\"\" class=\"wp-image-3069\" srcset=\"https:\/\/devotion.es\/wp-content\/uploads\/2025\/04\/casa-ecuador-2025.jpg 900w, https:\/\/devotion.es\/wp-content\/uploads\/2025\/04\/casa-ecuador-2025-800x533.jpg 800w, https:\/\/devotion.es\/wp-content\/uploads\/2025\/04\/casa-ecuador-2025-120x80.jpg 120w, https:\/\/devotion.es\/wp-content\/uploads\/2025\/04\/casa-ecuador-2025-90x60.jpg 90w, https:\/\/devotion.es\/wp-content\/uploads\/2025\/04\/casa-ecuador-2025-320x213.jpg 320w, https:\/\/devotion.es\/wp-content\/uploads\/2025\/04\/casa-ecuador-2025-560x373.jpg 560w\" sizes=\"auto, (max-width: 900px) 100vw, 900px\" \/><figcaption class=\"wp-element-caption\">MADRID, 04\/03\/2025.- Trajes t\u00edpicos y emblem\u00e1ticos de la cultura ecuatoriana durante la Inauguraci\u00f3n y bienvenida oficial a Casa Ecuador Madrid 2025. EFE\/Dominique Campa\u00f1a<\/figcaption><\/figure>\n\n\n\n<p class=\"wp-block-paragraph\"><\/p>\n\n\n\n<p class=\"wp-block-paragraph\">Casa Ecuador Madrid&nbsp;<strong>recrear\u00e1 los paisajes naturales y la riqueza de su biodiversidad<\/strong>&nbsp;en los&nbsp;<strong>700 m\u00b2<\/strong>&nbsp;del palacete. Su fachada lucir\u00e1&nbsp;<strong>rosas ecuatorianas premium de color rojo intenso<\/strong>, mientras que sus balcones y muros estar\u00e1n decorados con&nbsp;<strong>vegetaci\u00f3n amaz\u00f3nica y plantaciones de bananos de oro<\/strong>, s\u00edmbolo de la producci\u00f3n ecuatoriana y su hist\u00f3rica relaci\u00f3n con Espa\u00f1a y Europa.<\/p>\n\n\n\n<p class=\"wp-block-paragraph\">Los visitantes podr\u00e1n vivir experiencias&nbsp;<strong>gastron\u00f3micas y culturales \u00fanicas<\/strong>, con degustaciones de productos premium ecuatorianos como:<\/p>\n\n\n\n<ul class=\"wp-block-list\">\n<li>&nbsp;<strong>Caf\u00e9 de altura<\/strong><\/li>\n\n\n\n<li>&nbsp;<strong>Cacao y chocolate fino de aroma<\/strong><\/li>\n\n\n\n<li>&nbsp;<strong>Camar\u00f3n y mariscos del Pac\u00edfico<\/strong><\/li>\n\n\n\n<li>&nbsp;<strong>Banano, frutas tropicales y hierbas arom\u00e1ticas<\/strong><\/li>\n\n\n\n<li><strong>&nbsp;Pan de yuca y otras delicias tradicionales<\/strong><\/li>\n<\/ul>\n\n\n\n<p class=\"wp-block-paragraph\">Adem\u00e1s, se expondr\u00e1n r\u00e9plicas de la&nbsp;<strong>vasija de cacao de la cultura Mayo Chinchipe (3.500 a.C.)<\/strong>, descubierta en la Amazon\u00eda ecuatoriana, que demuestra la importancia del Ecuador como cuna del cacao en el mundo.<\/p>\n\n\n\n<figure class=\"wp-block-image size-full\"><img loading=\"lazy\" decoding=\"async\" width=\"900\" height=\"600\" src=\"https:\/\/devotion.es\/wp-content\/uploads\/2025\/04\/casa-ecuador-2025-1.webp\" alt=\"\" class=\"wp-image-3070\" srcset=\"https:\/\/devotion.es\/wp-content\/uploads\/2025\/04\/casa-ecuador-2025-1.webp 900w, https:\/\/devotion.es\/wp-content\/uploads\/2025\/04\/casa-ecuador-2025-1-800x533.webp 800w, https:\/\/devotion.es\/wp-content\/uploads\/2025\/04\/casa-ecuador-2025-1-120x80.webp 120w, https:\/\/devotion.es\/wp-content\/uploads\/2025\/04\/casa-ecuador-2025-1-90x60.webp 90w, https:\/\/devotion.es\/wp-content\/uploads\/2025\/04\/casa-ecuador-2025-1-320x213.webp 320w, https:\/\/devotion.es\/wp-content\/uploads\/2025\/04\/casa-ecuador-2025-1-560x373.webp 560w\" sizes=\"auto, (max-width: 900px) 100vw, 900px\" \/><\/figure>\n\n\n\n<p class=\"wp-block-paragraph\"><\/p>\n\n\n\n<p class=\"wp-block-paragraph\">Tambi\u00e9n habr\u00e1 exhibiciones de&nbsp;<strong>joyer\u00eda artesanal<\/strong>&nbsp;y demostraciones en vivo del&nbsp;<strong>tejido de sombreros de paja toquilla<\/strong>, el \u00fanico sombrero del mundo reconocido por la UNESCO como&nbsp;<strong>Patrimonio Cultural Inmaterial de la Humanidad<\/strong>. Un huerto con flora aut\u00f3ctona ecuatoriana completar\u00e1 la experiencia multisensorial.<\/p>\n\n\n\n<h2 id=\"galas-exclusivas-y-encuentros-de-alto-nivel\" class=\"wp-block-heading\">Galas exclusivas y encuentros de alto nivel<\/h2>\n\n\n\n<p class=\"wp-block-paragraph\"><\/p>\n\n\n<div class=\"wp-block-image\">\n<figure class=\"aligncenter size-full is-resized\"><img loading=\"lazy\" decoding=\"async\" width=\"916\" height=\"1192\" src=\"https:\/\/devotion.es\/wp-content\/uploads\/2025\/04\/Captura-de-pantalla-2025-04-02-a-las-19.46.23.png\" alt=\"\" class=\"wp-image-3072\" style=\"width:463px;height:auto\" srcset=\"https:\/\/devotion.es\/wp-content\/uploads\/2025\/04\/Captura-de-pantalla-2025-04-02-a-las-19.46.23.png 916w, https:\/\/devotion.es\/wp-content\/uploads\/2025\/04\/Captura-de-pantalla-2025-04-02-a-las-19.46.23-800x1041.png 800w, https:\/\/devotion.es\/wp-content\/uploads\/2025\/04\/Captura-de-pantalla-2025-04-02-a-las-19.46.23-120x156.png 120w, https:\/\/devotion.es\/wp-content\/uploads\/2025\/04\/Captura-de-pantalla-2025-04-02-a-las-19.46.23-90x117.png 90w, https:\/\/devotion.es\/wp-content\/uploads\/2025\/04\/Captura-de-pantalla-2025-04-02-a-las-19.46.23-320x416.png 320w, https:\/\/devotion.es\/wp-content\/uploads\/2025\/04\/Captura-de-pantalla-2025-04-02-a-las-19.46.23-560x729.png 560w\" sizes=\"auto, (max-width: 916px) 100vw, 916px\" \/><\/figure>\n<\/div>\n\n\n<p class=\"wp-block-paragraph\">Casa Ecuador Madrid ofrecer\u00e1&nbsp;<strong>cenas de gala<\/strong>&nbsp;cada noche, con la participaci\u00f3n de destacadas personalidades como la&nbsp;<strong>Princesa Beatriz de Orleans<\/strong>&nbsp;y el&nbsp;<strong>Duque de Sevilla<\/strong>, junto con empresarios, diplom\u00e1ticos y artistas.<\/p>\n\n\n\n<p class=\"wp-block-paragraph\">Los men\u00fas ser\u00e1n de&nbsp;<strong>cinco tiempos<\/strong>&nbsp;y estar\u00e1n dise\u00f1ados por un&nbsp;<strong>chef del Circuito Michelin<\/strong>, quien reinterpretar\u00e1 ingredientes ecuatorianos con t\u00e9cnicas vanguardistas.<\/p>\n\n\n\n<p class=\"wp-block-paragraph\">Las galas contar\u00e1n con la presencia de artistas contempor\u00e1neos ecuatorianos como:<\/p>\n\n\n\n<ul class=\"wp-block-list\">\n<li>&nbsp;<strong>\u00d3scar Santill\u00e1n<\/strong><\/li>\n\n\n\n<li>&nbsp;<strong>Sof\u00eda Salazar Rosales<\/strong><\/li>\n\n\n\n<li>&nbsp;<strong>Ana Navas<\/strong><\/li>\n\n\n\n<li>&nbsp;<strong>Juana C\u00f3rdova<\/strong><\/li>\n\n\n\n<li>&nbsp;<strong>Luis Chenche<\/strong><\/li>\n<\/ul>\n\n\n\n<p class=\"wp-block-paragraph\">En el \u00e1mbito musical, participar\u00e1n artistas como:<\/p>\n\n\n\n<ul class=\"wp-block-list\">\n<li>&nbsp;<strong>Gabriela Cobo (viol\u00edn)<\/strong><\/li>\n\n\n\n<li>&nbsp;<strong>Daniel Pacheco (acorde\u00f3n)<\/strong><\/li>\n\n\n\n<li>&nbsp;<strong>Paulina y Pablo Aguirre (ganadores del Latin Grammy)<\/strong><\/li>\n<\/ul>\n\n\n\n<p class=\"wp-block-paragraph\">Estos espect\u00e1culos combinar\u00e1n&nbsp;<strong>sonidos contempor\u00e1neos con ra\u00edces de la m\u00fasica ecuatoriana<\/strong>, creando un ambiente \u00fanico de fusi\u00f3n cultural.<\/p>\n\n\n\n<h2 id=\"proyeccion-global-y-objetivos-de-la-fundacion-identidad-nacional\" class=\"wp-block-heading\"><strong>Proyecci\u00f3n global y objetivos de la Fundaci\u00f3n Identidad Nacional<\/strong><\/h2>\n\n\n\n<p class=\"wp-block-paragraph\">Durante la presentaci\u00f3n del evento,&nbsp;<strong>Luis Felipe Fern\u00e1ndez-Salvador y Campod\u00f3nico<\/strong>, presidente de la Fundaci\u00f3n Identidad Nacional, destac\u00f3 que Casa Ecuador es una&nbsp;<strong>plataforma de proyecci\u00f3n mundial para el pa\u00eds<\/strong>, que busca atraer turismo, inversi\u00f3n y fortalecer la identidad ecuatoriana en el exterior.<\/p>\n\n\n\n<p class=\"wp-block-paragraph\">Adem\u00e1s, anunci\u00f3 que esta edici\u00f3n en Madrid es parte de una&nbsp;<strong>hoja de ruta internacional<\/strong>, que llevar\u00e1 la esencia ecuatoriana a eventos de alto nivel como:<\/p>\n\n\n\n<ul class=\"wp-block-list\">\n<li>&nbsp;<strong>Par\u00eds Fashion Week<\/strong><\/li>\n\n\n\n<li>&nbsp;<strong>Miami Art Basel<\/strong><\/li>\n\n\n\n<li>&nbsp;<strong>Semana de los Oscar en Los \u00c1ngeles<\/strong><\/li>\n<\/ul>\n\n\n\n<p class=\"wp-block-paragraph\"><em>&#8220;Con este proyecto, Ecuador no solo muestra su herencia cultural, sino que la transforma en un im\u00e1n para el turismo, la inversi\u00f3n y la innovaci\u00f3n. La Fundaci\u00f3n Identidad Nacional se compromete a lograr la internacionalizaci\u00f3n de la identidad ecuatoriana y abrir oportunidades para el pa\u00eds en el mundo&#8221;<\/em>, afirm\u00f3 Fern\u00e1ndez-Salvador.<\/p>\n\n\n\n<figure class=\"wp-block-image size-full\"><img loading=\"lazy\" decoding=\"async\" width=\"1024\" height=\"682\" src=\"https:\/\/devotion.es\/wp-content\/uploads\/2025\/04\/IMG-20250304-WA0006-1024x682-2.webp\" alt=\"\" class=\"wp-image-3073\" srcset=\"https:\/\/devotion.es\/wp-content\/uploads\/2025\/04\/IMG-20250304-WA0006-1024x682-2.webp 1024w, https:\/\/devotion.es\/wp-content\/uploads\/2025\/04\/IMG-20250304-WA0006-1024x682-2-800x533.webp 800w, https:\/\/devotion.es\/wp-content\/uploads\/2025\/04\/IMG-20250304-WA0006-1024x682-2-120x80.webp 120w, https:\/\/devotion.es\/wp-content\/uploads\/2025\/04\/IMG-20250304-WA0006-1024x682-2-90x60.webp 90w, https:\/\/devotion.es\/wp-content\/uploads\/2025\/04\/IMG-20250304-WA0006-1024x682-2-320x213.webp 320w, https:\/\/devotion.es\/wp-content\/uploads\/2025\/04\/IMG-20250304-WA0006-1024x682-2-560x373.webp 560w\" sizes=\"auto, (max-width: 1024px) 100vw, 1024px\" \/><\/figure>\n\n\n\n<p class=\"wp-block-paragraph\"><\/p>\n\n\n\n<p class=\"wp-block-paragraph\"><\/p>\n\n\n\n<p class=\"wp-block-paragraph\"><\/p>\n","protected":false},"excerpt":{"rendered":"<p>El evento se celebr\u00f3 del 4 al 9 de marzo en el exclusivo Palacete de Serrano 95, con muestras de arte, gastronom\u00eda y productos premium del Ecuador. La&nbsp;Fundaci\u00f3n Identidad Nacional&hellip;<\/p>\n","protected":false},"author":1,"featured_media":3077,"comment_status":"open","ping_status":"open","sticky":false,"template":"","format":"standard","meta":{"_monsterinsights_skip_tracking":false,"_monsterinsights_sitenote_active":false,"_monsterinsights_sitenote_note":"","_monsterinsights_sitenote_category":0,"footnotes":""},"categories":[19,10,9],"tags":[],"powerkit_post_featured":[],"class_list":["post-3060","post","type-post","status-publish","format-standard","has-post-thumbnail","category-eventos","category-lifestyle","category-news"],"aioseo_notices":[],"_links":{"self":[{"href":"https:\/\/devotion.es\/index.php?rest_route=\/wp\/v2\/posts\/3060","targetHints":{"allow":["GET"]}}],"collection":[{"href":"https:\/\/devotion.es\/index.php?rest_route=\/wp\/v2\/posts"}],"about":[{"href":"https:\/\/devotion.es\/index.php?rest_route=\/wp\/v2\/types\/post"}],"author":[{"embeddable":true,"href":"https:\/\/devotion.es\/index.php?rest_route=\/wp\/v2\/users\/1"}],"replies":[{"embeddable":true,"href":"https:\/\/devotion.es\/index.php?rest_route=%2Fwp%2Fv2%2Fcomments&post=3060"}],"version-history":[{"count":6,"href":"https:\/\/devotion.es\/index.php?rest_route=\/wp\/v2\/posts\/3060\/revisions"}],"predecessor-version":[{"id":3085,"href":"https:\/\/devotion.es\/index.php?rest_route=\/wp\/v2\/posts\/3060\/revisions\/3085"}],"wp:featuredmedia":[{"embeddable":true,"href":"https:\/\/devotion.es\/index.php?rest_route=\/wp\/v2\/media\/3077"}],"wp:attachment":[{"href":"https:\/\/devotion.es\/index.php?rest_route=%2Fwp%2Fv2%2Fmedia&parent=3060"}],"wp:term":[{"taxonomy":"category","embeddable":true,"href":"https:\/\/devotion.es\/index.php?rest_route=%2Fwp%2Fv2%2Fcategories&post=3060"},{"taxonomy":"post_tag","embeddable":true,"href":"https:\/\/devotion.es\/index.php?rest_route=%2Fwp%2Fv2%2Ftags&post=3060"},{"taxonomy":"powerkit_post_featured","embeddable":true,"href":"https:\/\/devotion.es\/index.php?rest_route=%2Fwp%2Fv2%2Fpowerkit_post_featured&post=3060"}],"curies":[{"name":"wp","href":"https:\/\/api.w.org\/{rel}","templated":true}]}}