{"id":3086,"date":"2024-04-11T18:39:00","date_gmt":"2024-04-11T18:39:00","guid":{"rendered":"https:\/\/devotion.es\/?p=3086"},"modified":"2025-04-02T19:29:20","modified_gmt":"2025-04-02T19:29:20","slug":"casa-decor-2024-un-exito-rotundo-en-el-palacio-de-la-trinidad","status":"publish","type":"post","link":"https:\/\/devotion.es\/?p=3086","title":{"rendered":"Casa Decor 2024: Un \u00e9xito rotundo en el Palacio de la Trinidad"},"content":{"rendered":"\n<p class=\"wp-block-paragraph\"><\/p>\n\n\n\n<figure class=\"wp-block-image size-full\"><img loading=\"lazy\" decoding=\"async\" width=\"1075\" height=\"1283\" src=\"https:\/\/devotion.es\/wp-content\/uploads\/2024\/04\/casa-decor-2024-palacio-de-la-trinidad-012.jpg\" alt=\"\" class=\"wp-image-3096\" srcset=\"https:\/\/devotion.es\/wp-content\/uploads\/2024\/04\/casa-decor-2024-palacio-de-la-trinidad-012.jpg 1075w, https:\/\/devotion.es\/wp-content\/uploads\/2024\/04\/casa-decor-2024-palacio-de-la-trinidad-012-800x955.jpg 800w, https:\/\/devotion.es\/wp-content\/uploads\/2024\/04\/casa-decor-2024-palacio-de-la-trinidad-012-120x143.jpg 120w, https:\/\/devotion.es\/wp-content\/uploads\/2024\/04\/casa-decor-2024-palacio-de-la-trinidad-012-90x107.jpg 90w, https:\/\/devotion.es\/wp-content\/uploads\/2024\/04\/casa-decor-2024-palacio-de-la-trinidad-012-320x382.jpg 320w, https:\/\/devotion.es\/wp-content\/uploads\/2024\/04\/casa-decor-2024-palacio-de-la-trinidad-012-560x668.jpg 560w\" sizes=\"auto, (max-width: 1075px) 100vw, 1075px\" \/><\/figure>\n\n\n\n<p class=\"wp-block-paragraph\"><\/p>\n\n\n\n<p class=\"wp-block-paragraph\">Madrid ha vibrado con una nueva edici\u00f3n de Casa Decor, el evento de referencia en el mundo del interiorismo, el dise\u00f1o, las tendencias y el estilo de vida. En su 59\u00aa edici\u00f3n, Casa Decor 2024 ha abierto las puertas del Palacio de la Trinidad, un majestuoso palacete ubicado en el n\u00famero 82 de la calle Francisco Silvela, desde el 11 de abril hasta el 26 de mayo, dejando una huella imborrable en la ciudad.<\/p>\n\n\n\n<p class=\"wp-block-paragraph\"><strong>Un palacio con historia como escenario<\/strong><\/p>\n\n\n\n<p class=\"wp-block-paragraph\">El Palacio de la Trinidad, construido en 1928 por encargo de D\u00aa \u00c1ngeles Guti\u00e9rrez Su\u00e1rez, ha sido el escenario de esta edici\u00f3n. Este palacete, de estilo regionalista tard\u00edo con inspiraci\u00f3n sevillana, ha abierto sus puertas al p\u00fablico para mostrar su esplendor y acoger a los 53 espacios que han dado vida a Casa Decor 2024.<\/p>\n\n\n\n<p class=\"wp-block-paragraph\"><strong>Un escaparate de talento y creatividad<\/strong><\/p>\n\n\n\n<figure class=\"wp-block-image size-large\"><img loading=\"lazy\" decoding=\"async\" width=\"1160\" height=\"320\" src=\"https:\/\/devotion.es\/wp-content\/uploads\/2025\/04\/Captura-de-pantalla-2025-04-02-a-las-21.06.10-1160x320.png\" alt=\"\" class=\"wp-image-3090\" srcset=\"https:\/\/devotion.es\/wp-content\/uploads\/2025\/04\/Captura-de-pantalla-2025-04-02-a-las-21.06.10-1160x320.png 1160w, https:\/\/devotion.es\/wp-content\/uploads\/2025\/04\/Captura-de-pantalla-2025-04-02-a-las-21.06.10-800x221.png 800w, https:\/\/devotion.es\/wp-content\/uploads\/2025\/04\/Captura-de-pantalla-2025-04-02-a-las-21.06.10-1536x424.png 1536w, https:\/\/devotion.es\/wp-content\/uploads\/2025\/04\/Captura-de-pantalla-2025-04-02-a-las-21.06.10-2048x565.png 2048w, https:\/\/devotion.es\/wp-content\/uploads\/2025\/04\/Captura-de-pantalla-2025-04-02-a-las-21.06.10-120x33.png 120w, https:\/\/devotion.es\/wp-content\/uploads\/2025\/04\/Captura-de-pantalla-2025-04-02-a-las-21.06.10-90x25.png 90w, https:\/\/devotion.es\/wp-content\/uploads\/2025\/04\/Captura-de-pantalla-2025-04-02-a-las-21.06.10-320x88.png 320w, https:\/\/devotion.es\/wp-content\/uploads\/2025\/04\/Captura-de-pantalla-2025-04-02-a-las-21.06.10-560x154.png 560w, https:\/\/devotion.es\/wp-content\/uploads\/2025\/04\/Captura-de-pantalla-2025-04-02-a-las-21.06.10-1920x529.png 1920w, https:\/\/devotion.es\/wp-content\/uploads\/2025\/04\/Captura-de-pantalla-2025-04-02-a-las-21.06.10.png 2350w\" sizes=\"auto, (max-width: 1160px) 100vw, 1160px\" \/><\/figure>\n\n\n\n<p class=\"wp-block-paragraph\"><\/p>\n\n\n\n<p class=\"wp-block-paragraph\">Casa Decor 2024 ha ofrecido a los visitantes un recorrido \u00fanico y din\u00e1mico por las \u00faltimas tendencias en interiorismo, dise\u00f1o, materiales, innovaci\u00f3n, artesan\u00eda y sostenibilidad. En esta edici\u00f3n, se han intervenido dos de las edificaciones principales de la finca de 3.600 m2: el Palacete y el Pabell\u00f3n de invitados, as\u00ed como los jardines y espacios exteriores circundantes.<\/p>\n\n\n\n<p class=\"wp-block-paragraph\">Los visitantes han podido disfrutar de espacios tan diversos como un majestuoso hall, salones se\u00f1oriales, gabinetes, regias alcobas, corredores volados, terrazas cerradas, jardines cuadriculados, grutas e incluso un peque\u00f1o oratorio y un pabell\u00f3n de invitados. Los jardines del Palacio han albergado diez amplios espacios dedicados a paisajismo, mobiliario y textiles de exterior, p\u00e9rgolas bioclim\u00e1ticas y estructuras portantes.<\/p>\n\n\n\n<figure class=\"wp-block-image size-large\"><img loading=\"lazy\" decoding=\"async\" width=\"1160\" height=\"854\" src=\"https:\/\/devotion.es\/wp-content\/uploads\/2025\/04\/casa-decor-2024-palacio-de-la-trinidad-025-1160x854.jpg\" alt=\"\" class=\"wp-image-3088\" srcset=\"https:\/\/devotion.es\/wp-content\/uploads\/2025\/04\/casa-decor-2024-palacio-de-la-trinidad-025-1160x854.jpg 1160w, https:\/\/devotion.es\/wp-content\/uploads\/2025\/04\/casa-decor-2024-palacio-de-la-trinidad-025-800x589.jpg 800w, https:\/\/devotion.es\/wp-content\/uploads\/2025\/04\/casa-decor-2024-palacio-de-la-trinidad-025-1536x1130.jpg 1536w, https:\/\/devotion.es\/wp-content\/uploads\/2025\/04\/casa-decor-2024-palacio-de-la-trinidad-025-2048x1507.jpg 2048w, https:\/\/devotion.es\/wp-content\/uploads\/2025\/04\/casa-decor-2024-palacio-de-la-trinidad-025-120x88.jpg 120w, https:\/\/devotion.es\/wp-content\/uploads\/2025\/04\/casa-decor-2024-palacio-de-la-trinidad-025-90x66.jpg 90w, https:\/\/devotion.es\/wp-content\/uploads\/2025\/04\/casa-decor-2024-palacio-de-la-trinidad-025-320x235.jpg 320w, https:\/\/devotion.es\/wp-content\/uploads\/2025\/04\/casa-decor-2024-palacio-de-la-trinidad-025-560x412.jpg 560w, https:\/\/devotion.es\/wp-content\/uploads\/2025\/04\/casa-decor-2024-palacio-de-la-trinidad-025-1920x1413.jpg 1920w, https:\/\/devotion.es\/wp-content\/uploads\/2025\/04\/casa-decor-2024-palacio-de-la-trinidad-025-scaled.jpg 2560w\" sizes=\"auto, (max-width: 1160px) 100vw, 1160px\" \/><\/figure>\n\n\n\n<p class=\"wp-block-paragraph\"><strong>Cifras que hablan del \u00e9xito de Casa Decor 2024<\/strong><\/p>\n\n\n\n<p class=\"wp-block-paragraph\">Esta edici\u00f3n de Casa Decor se despide del Palacio de la Trinidad con una mezcla de alegr\u00eda, satisfacci\u00f3n y nostalgia, pero con la vista puesta ya en 2025. Los n\u00fameros hablan por s\u00ed solos del impacto y la relevancia del evento:<\/p>\n\n\n\n<ul class=\"wp-block-list\">\n<li>204 participantes: 46 proyectos han sido presentados gracias a la colaboraci\u00f3n de 133 empresas, 46 estudios de interiorismo, arquitectura, dise\u00f1o y paisajismo, y 25 artistas y artesanos.<sup>1<\/sup> Un 47% de las empresas participantes son extranjeras, provenientes de pa\u00edses como Italia, Alemania, Francia, B\u00e9lgica, Dinamarca, Suecia, Suiza, Pa\u00edses Bajos, Estados Unidos, Jap\u00f3n y Ecuador. El 53% restante son firmas espa\u00f1olas, de regiones<sup>2<\/sup> como la Comunidad Valenciana, Madrid, Catalu\u00f1a, Castilla-La Mancha, y tambi\u00e9n del Norte peninsular, La Rioja y Andaluc\u00eda. Cabe destacar que alrededor del 50% de los profesionales han participado por primera o segunda vez, lo que refleja el compromiso de Casa Decor con el impulso de nuevos talentos.<\/li>\n\n\n\n<li>Impacto econ\u00f3mico: La preparaci\u00f3n y apertura de Casa Decor genera un impacto econ\u00f3mico estimado en alrededor de 30 millones de euros para el sector del h\u00e1bitat y empresas satelitales. El evento moviliza diversas actividades econ\u00f3micas y genera alrededor de 3.000 empleos directos e indirectos.<\/li>\n\n\n\n<li>49.150 visitantes: Un total de 49.150 personas visitaron Casa Decor 2024 durante los 47 d\u00edas de Exposici\u00f3n, lo que representa un 12% m\u00e1s de asistencia respecto a 2023. Se ha constatado una mayor presencia de grupos profesionales de diversos sectores, lo que subraya la capacidad de Casa Decor como generador de negocios y estrategias comerciales.<\/li>\n\n\n\n<li>Repercusi\u00f3n medi\u00e1tica: La campa\u00f1a de Casa Decor 2024 ha generado m\u00e1s de 1.322 noticias en 500 medios de comunicaci\u00f3n. Alrededor de 900 periodistas, influencers y equipos de audiovisuales se han acreditado para cubrir la Exposici\u00f3n. Las redes sociales de Casa Decor han mantenido informados a m\u00e1s de 471.000 seguidores org\u00e1nicos.<\/li>\n\n\n\n<li>Punto de encuentro: El Auditorio &#8220;Berlin Callings&#8221; y el restaurante &#8220;Lanai&#8221; han sido escenario de 111 eventos, incluyendo conferencias, ruedas de prensa, talleres y lanzamientos de producto.<\/li>\n\n\n\n<li>Informaci\u00f3n al alcance de un clic: La p\u00e1gina web de Casa Decor permite a los usuarios explorar los espacios y acceder a informaci\u00f3n detallada de los m\u00e1s de 600 productos y materiales expuestos a trav\u00e9s del Panel de Expositores Virtual.<\/li>\n<\/ul>\n\n\n\n<p class=\"wp-block-paragraph\"><strong>Compromiso social y gastron\u00f3mico<\/strong><\/p>\n\n\n\n<p class=\"wp-block-paragraph\">Casa Decor 2024 ha demostrado su compromiso social al unirse a la Fundaci\u00f3n Acci\u00f3n contra el Hambre como organizaci\u00f3n solidaria invitada, con el objetivo de sensibilizar sobre el problema del hambre y la desnutrici\u00f3n. Adem\u00e1s, los visitantes han podido disfrutar de la propuesta gastron\u00f3mica de Rosewood Villa Magna, Operador Oficial de Catering 2024, basada en la gastronom\u00eda local y los productos de temporada.<\/p>\n\n\n\n<p class=\"wp-block-paragraph\"><strong>Reconocimiento al talento: Francesc Rif\u00e9, Premio de Honor<\/strong><\/p>\n\n\n\n<p class=\"wp-block-paragraph\">En esta edici\u00f3n, Casa Decor ha otorgado el Premio de Honor a la Trayectoria Profesional al reconocido interiorista y dise\u00f1ador Francesc Rif\u00e9, en reconocimiento a su destacada carrera y su contribuci\u00f3n al dise\u00f1o espa\u00f1ol.<\/p>\n\n\n\n<p class=\"wp-block-paragraph\">Casa Decor se despide de su edici\u00f3n 2024 con la satisfacci\u00f3n de haber ofrecido una experiencia \u00fanica e inspiradora, consolid\u00e1ndose como un evento imprescindible en el panorama del dise\u00f1o y el interiorismo. La mirada ya est\u00e1 puesta en la primavera de 2025, con la promesa de nuevas sorpresas y la misma pasi\u00f3n por la creatividad y la innovaci\u00f3n.<\/p>\n\n\n\n<figure class=\"wp-block-gallery has-nested-images columns-default is-cropped wp-block-gallery-1 is-layout-flex wp-block-gallery-is-layout-flex\">\n<figure class=\"wp-block-image size-large\"><img loading=\"lazy\" decoding=\"async\" width=\"1160\" height=\"774\" data-id=\"3089\" src=\"https:\/\/devotion.es\/wp-content\/uploads\/2025\/04\/Captura-de-pantalla-2025-04-02-a-las-21.04.21-1160x774.png\" alt=\"\" class=\"wp-image-3089\" srcset=\"https:\/\/devotion.es\/wp-content\/uploads\/2025\/04\/Captura-de-pantalla-2025-04-02-a-las-21.04.21-1160x774.png 1160w, https:\/\/devotion.es\/wp-content\/uploads\/2025\/04\/Captura-de-pantalla-2025-04-02-a-las-21.04.21-800x534.png 800w, https:\/\/devotion.es\/wp-content\/uploads\/2025\/04\/Captura-de-pantalla-2025-04-02-a-las-21.04.21-1536x1025.png 1536w, https:\/\/devotion.es\/wp-content\/uploads\/2025\/04\/Captura-de-pantalla-2025-04-02-a-las-21.04.21-120x80.png 120w, https:\/\/devotion.es\/wp-content\/uploads\/2025\/04\/Captura-de-pantalla-2025-04-02-a-las-21.04.21-90x60.png 90w, https:\/\/devotion.es\/wp-content\/uploads\/2025\/04\/Captura-de-pantalla-2025-04-02-a-las-21.04.21-320x213.png 320w, https:\/\/devotion.es\/wp-content\/uploads\/2025\/04\/Captura-de-pantalla-2025-04-02-a-las-21.04.21-560x374.png 560w, https:\/\/devotion.es\/wp-content\/uploads\/2025\/04\/Captura-de-pantalla-2025-04-02-a-las-21.04.21.png 1898w\" sizes=\"auto, (max-width: 1160px) 100vw, 1160px\" \/><\/figure>\n<\/figure>\n\n\n\n<figure class=\"wp-block-image size-large\"><img loading=\"lazy\" decoding=\"async\" width=\"1160\" height=\"319\" src=\"https:\/\/devotion.es\/wp-content\/uploads\/2025\/04\/Captura-de-pantalla-2025-04-02-a-las-21.05.36-1160x319.png\" alt=\"\" class=\"wp-image-3091\" srcset=\"https:\/\/devotion.es\/wp-content\/uploads\/2025\/04\/Captura-de-pantalla-2025-04-02-a-las-21.05.36-1160x319.png 1160w, https:\/\/devotion.es\/wp-content\/uploads\/2025\/04\/Captura-de-pantalla-2025-04-02-a-las-21.05.36-800x220.png 800w, https:\/\/devotion.es\/wp-content\/uploads\/2025\/04\/Captura-de-pantalla-2025-04-02-a-las-21.05.36-1536x423.png 1536w, https:\/\/devotion.es\/wp-content\/uploads\/2025\/04\/Captura-de-pantalla-2025-04-02-a-las-21.05.36-2048x564.png 2048w, https:\/\/devotion.es\/wp-content\/uploads\/2025\/04\/Captura-de-pantalla-2025-04-02-a-las-21.05.36-120x33.png 120w, https:\/\/devotion.es\/wp-content\/uploads\/2025\/04\/Captura-de-pantalla-2025-04-02-a-las-21.05.36-90x25.png 90w, https:\/\/devotion.es\/wp-content\/uploads\/2025\/04\/Captura-de-pantalla-2025-04-02-a-las-21.05.36-320x88.png 320w, https:\/\/devotion.es\/wp-content\/uploads\/2025\/04\/Captura-de-pantalla-2025-04-02-a-las-21.05.36-560x154.png 560w, https:\/\/devotion.es\/wp-content\/uploads\/2025\/04\/Captura-de-pantalla-2025-04-02-a-las-21.05.36-1920x528.png 1920w, https:\/\/devotion.es\/wp-content\/uploads\/2025\/04\/Captura-de-pantalla-2025-04-02-a-las-21.05.36.png 2318w\" sizes=\"auto, (max-width: 1160px) 100vw, 1160px\" \/><\/figure>\n\n\n\n<figure class=\"wp-block-image size-large\"><img loading=\"lazy\" decoding=\"async\" width=\"1160\" height=\"308\" src=\"https:\/\/devotion.es\/wp-content\/uploads\/2025\/04\/Captura-de-pantalla-2025-04-02-a-las-21.05.48-1160x308.png\" alt=\"\" class=\"wp-image-3092\" srcset=\"https:\/\/devotion.es\/wp-content\/uploads\/2025\/04\/Captura-de-pantalla-2025-04-02-a-las-21.05.48-1160x308.png 1160w, https:\/\/devotion.es\/wp-content\/uploads\/2025\/04\/Captura-de-pantalla-2025-04-02-a-las-21.05.48-800x213.png 800w, https:\/\/devotion.es\/wp-content\/uploads\/2025\/04\/Captura-de-pantalla-2025-04-02-a-las-21.05.48-1536x408.png 1536w, https:\/\/devotion.es\/wp-content\/uploads\/2025\/04\/Captura-de-pantalla-2025-04-02-a-las-21.05.48-2048x544.png 2048w, https:\/\/devotion.es\/wp-content\/uploads\/2025\/04\/Captura-de-pantalla-2025-04-02-a-las-21.05.48-120x32.png 120w, https:\/\/devotion.es\/wp-content\/uploads\/2025\/04\/Captura-de-pantalla-2025-04-02-a-las-21.05.48-90x24.png 90w, https:\/\/devotion.es\/wp-content\/uploads\/2025\/04\/Captura-de-pantalla-2025-04-02-a-las-21.05.48-320x85.png 320w, https:\/\/devotion.es\/wp-content\/uploads\/2025\/04\/Captura-de-pantalla-2025-04-02-a-las-21.05.48-560x149.png 560w, https:\/\/devotion.es\/wp-content\/uploads\/2025\/04\/Captura-de-pantalla-2025-04-02-a-las-21.05.48-1920x510.png 1920w, https:\/\/devotion.es\/wp-content\/uploads\/2025\/04\/Captura-de-pantalla-2025-04-02-a-las-21.05.48.png 2334w\" sizes=\"auto, (max-width: 1160px) 100vw, 1160px\" \/><\/figure>\n\n\n\n<p class=\"wp-block-paragraph\"><\/p>\n\n\n\n<p class=\"wp-block-paragraph\"><\/p>\n\n\n\n<p class=\"wp-block-paragraph\"><\/p>\n\n\n\n<p class=\"wp-block-paragraph\"><\/p>\n","protected":false},"excerpt":{"rendered":"<p>Madrid ha vibrado con una nueva edici\u00f3n de Casa Decor, el evento de referencia en el mundo del interiorismo, el dise\u00f1o, las tendencias y el estilo de vida. En su&hellip;<\/p>\n","protected":false},"author":1,"featured_media":3106,"comment_status":"open","ping_status":"open","sticky":false,"template":"","format":"standard","meta":{"_monsterinsights_skip_tracking":false,"_monsterinsights_sitenote_active":false,"_monsterinsights_sitenote_note":"","_monsterinsights_sitenote_category":0,"footnotes":""},"categories":[19,10,9],"tags":[],"powerkit_post_featured":[],"class_list":["post-3086","post","type-post","status-publish","format-standard","has-post-thumbnail","category-eventos","category-lifestyle","category-news"],"aioseo_notices":[],"_links":{"self":[{"href":"https:\/\/devotion.es\/index.php?rest_route=\/wp\/v2\/posts\/3086","targetHints":{"allow":["GET"]}}],"collection":[{"href":"https:\/\/devotion.es\/index.php?rest_route=\/wp\/v2\/posts"}],"about":[{"href":"https:\/\/devotion.es\/index.php?rest_route=\/wp\/v2\/types\/post"}],"author":[{"embeddable":true,"href":"https:\/\/devotion.es\/index.php?rest_route=\/wp\/v2\/users\/1"}],"replies":[{"embeddable":true,"href":"https:\/\/devotion.es\/index.php?rest_route=%2Fwp%2Fv2%2Fcomments&post=3086"}],"version-history":[{"count":6,"href":"https:\/\/devotion.es\/index.php?rest_route=\/wp\/v2\/posts\/3086\/revisions"}],"predecessor-version":[{"id":3108,"href":"https:\/\/devotion.es\/index.php?rest_route=\/wp\/v2\/posts\/3086\/revisions\/3108"}],"wp:featuredmedia":[{"embeddable":true,"href":"https:\/\/devotion.es\/index.php?rest_route=\/wp\/v2\/media\/3106"}],"wp:attachment":[{"href":"https:\/\/devotion.es\/index.php?rest_route=%2Fwp%2Fv2%2Fmedia&parent=3086"}],"wp:term":[{"taxonomy":"category","embeddable":true,"href":"https:\/\/devotion.es\/index.php?rest_route=%2Fwp%2Fv2%2Fcategories&post=3086"},{"taxonomy":"post_tag","embeddable":true,"href":"https:\/\/devotion.es\/index.php?rest_route=%2Fwp%2Fv2%2Ftags&post=3086"},{"taxonomy":"powerkit_post_featured","embeddable":true,"href":"https:\/\/devotion.es\/index.php?rest_route=%2Fwp%2Fv2%2Fpowerkit_post_featured&post=3086"}],"curies":[{"name":"wp","href":"https:\/\/api.w.org\/{rel}","templated":true}]}}