{"id":3146,"date":"2026-03-20T20:27:00","date_gmt":"2026-03-20T20:27:00","guid":{"rendered":"https:\/\/devotion.es\/?p=3146"},"modified":"2026-04-05T21:33:04","modified_gmt":"2026-04-05T21:33:04","slug":"casa-decor-2026-una-edicion-de-oro-en-el-corazon-de-las-letras","status":"publish","type":"post","link":"https:\/\/devotion.es\/?p=3146","title":{"rendered":"Casa Decor 2026: Una Edici\u00f3n de Oro en el Coraz\u00f3n de las Letras"},"content":{"rendered":"<div class=\"wp-block-image\">\n<figure class=\"aligncenter size-large is-resized\"><img loading=\"lazy\" decoding=\"async\" width=\"1160\" height=\"1813\" src=\"https:\/\/devotion.es\/wp-content\/uploads\/2026\/04\/casa-decor-2026-fachada-001-1160x1813.jpg\" alt=\"\" class=\"wp-image-3147\" style=\"aspect-ratio:0.6398306330677174;width:365px;height:auto\" srcset=\"https:\/\/devotion.es\/wp-content\/uploads\/2026\/04\/casa-decor-2026-fachada-001-1160x1813.jpg 1160w, https:\/\/devotion.es\/wp-content\/uploads\/2026\/04\/casa-decor-2026-fachada-001-800x1251.jpg 800w, https:\/\/devotion.es\/wp-content\/uploads\/2026\/04\/casa-decor-2026-fachada-001-983x1536.jpg 983w, https:\/\/devotion.es\/wp-content\/uploads\/2026\/04\/casa-decor-2026-fachada-001-1310x2048.jpg 1310w, https:\/\/devotion.es\/wp-content\/uploads\/2026\/04\/casa-decor-2026-fachada-001-120x188.jpg 120w, https:\/\/devotion.es\/wp-content\/uploads\/2026\/04\/casa-decor-2026-fachada-001-90x141.jpg 90w, https:\/\/devotion.es\/wp-content\/uploads\/2026\/04\/casa-decor-2026-fachada-001-320x500.jpg 320w, https:\/\/devotion.es\/wp-content\/uploads\/2026\/04\/casa-decor-2026-fachada-001-560x875.jpg 560w, https:\/\/devotion.es\/wp-content\/uploads\/2026\/04\/casa-decor-2026-fachada-001-1920x3001.jpg 1920w, https:\/\/devotion.es\/wp-content\/uploads\/2026\/04\/casa-decor-2026-fachada-001-scaled.jpg 1638w\" sizes=\"auto, (max-width: 1160px) 100vw, 1160px\" \/><\/figure>\n<\/div>\n\n\n<p class=\"wp-block-paragraph\"><strong>Madrid se prepara para recibir la edici\u00f3n m\u00e1s literaria y art\u00edstica de Casa Decor. Del 9 de abril al 24 de mayo de 2026, el hist\u00f3rico Barrio de las Letras abrir\u00e1 las puertas de una de sus joyas arquitect\u00f3nicas mejor guardadas: la casa-palacio del Marqu\u00e9s de los V\u00e9lez.<\/strong><\/p>\n\n\n\n<p class=\"wp-block-paragraph\">Hay lugares que parecen destinados a albergar la creatividad. En la esquina donde convergen las calles <strong>San Agust\u00edn y Cervantes<\/strong>, el esp\u00edritu del Siglo de Oro espa\u00f1ol sigue vivo en cada sillar. Es aqu\u00ed, en el epicentro de un barrio que vio nacer y escribir a figuras como Lope de Vega o Quevedo, donde <strong>Casa Decor 2026<\/strong> celebrar\u00e1 su &#8220;Edici\u00f3n de Oro&#8221;.<\/p>\n\n\n\n<h3 id=\"un-escenario-con-linaje-y-futuro\" class=\"wp-block-heading\">Un Escenario con Linaje y Futuro<\/h3>\n\n\n\n<p class=\"wp-block-paragraph\">El edificio elegido para esta transformaci\u00f3n no es uno m\u00e1s en la trama urbana madrile\u00f1a. Construido entre 1892 y 1895 por el arquitecto Enrique S\u00e1nchez y Rodr\u00edguez, el palacio de San Agust\u00edn 11 fue la \u00faltima gran residencia nobiliaria de la zona. Sus muros han sido testigos de una metamorfosis fascinante: de hogar del Marqu\u00e9s de los V\u00e9lez a convento y colegio de las Esclavas del Sagrado Coraz\u00f3n de Jes\u00fas en 1926.<\/p>\n\n\n\n<p class=\"wp-block-paragraph\">Hoy, gracias a la visi\u00f3n de <strong>Sircle Collection<\/strong> y <strong>Take Point<\/strong>, este palacio de 3.500 metros cuadrados se prepara para una nueva vida como el hotel de lujo <strong>Sir Agustin<\/strong>. Pero antes de su apertura definitiva, ceder\u00e1 su protagonismo a los mejores dise\u00f1adores e interioristas del panorama actual.<\/p>\n\n\n<div class=\"wp-block-image\">\n<figure class=\"aligncenter size-full is-resized\"><img loading=\"lazy\" decoding=\"async\" width=\"1000\" height=\"363\" src=\"https:\/\/devotion.es\/wp-content\/uploads\/2026\/04\/logo-sircle-take-point.jpg\" alt=\"\" class=\"wp-image-3157\" style=\"aspect-ratio:2.754953472178262;width:311px;height:auto\" srcset=\"https:\/\/devotion.es\/wp-content\/uploads\/2026\/04\/logo-sircle-take-point.jpg 1000w, https:\/\/devotion.es\/wp-content\/uploads\/2026\/04\/logo-sircle-take-point-800x290.jpg 800w, https:\/\/devotion.es\/wp-content\/uploads\/2026\/04\/logo-sircle-take-point-120x44.jpg 120w, https:\/\/devotion.es\/wp-content\/uploads\/2026\/04\/logo-sircle-take-point-90x33.jpg 90w, https:\/\/devotion.es\/wp-content\/uploads\/2026\/04\/logo-sircle-take-point-320x116.jpg 320w, https:\/\/devotion.es\/wp-content\/uploads\/2026\/04\/logo-sircle-take-point-560x203.jpg 560w\" sizes=\"auto, (max-width: 1000px) 100vw, 1000px\" \/><\/figure>\n<\/div>\n\n\n<h3 id=\"joyas-arquitectonicas-por-descubrir\" class=\"wp-block-heading\">Joyas Arquitect\u00f3nicas por Descubrir<\/h3>\n\n\n\n<p class=\"wp-block-paragraph\">Los visitantes de esta edici\u00f3n no solo descubrir\u00e1n las \u00faltimas tendencias en interiorismo, sino que podr\u00e1n recorrer espacios monumentales que han permanecido privados durante d\u00e9cadas:<\/p>\n\n\n\n<ul class=\"wp-block-list\">\n<li><strong>La Escalera Imperial:<\/strong> Una pieza de dise\u00f1o curvo que evoca las tendencias <em>deco<\/em> de principios del siglo XX, coronada por un espectacular lucernario y vidrieras de la m\u00edtica Casa Maumejean.<\/li>\n\n\n\n<li><strong>La Capilla de los Talleres Granda:<\/strong> Un espacio de 164 m\u00b2 donde el misticismo medieval se mezcla con gui\u00f1os moz\u00e1rabes y relieves en escayola que desaf\u00edan el paso del tiempo.<\/li>\n\n\n\n<li><strong>Salones de Baile y Plantas Nobles:<\/strong> Espacios de techos infinitos y molduras cl\u00e1sicas que servir\u00e1n de lienzo para proyectar el futuro del dise\u00f1o sostenible y la innovaci\u00f3n.<\/li>\n<\/ul>\n\n\n\n<figure class=\"wp-block-gallery has-nested-images columns-default is-cropped wp-block-gallery-1 is-layout-flex wp-block-gallery-is-layout-flex\">\n<figure class=\"wp-block-image size-large is-resized\"><img loading=\"lazy\" decoding=\"async\" width=\"1160\" height=\"1741\" data-id=\"3153\" src=\"https:\/\/devotion.es\/wp-content\/uploads\/2026\/04\/casa-decor-2026-interior-edificio-030-edited-1160x1741.jpg\" alt=\"\" class=\"wp-image-3153\" style=\"width:277px;height:auto\" srcset=\"https:\/\/devotion.es\/wp-content\/uploads\/2026\/04\/casa-decor-2026-interior-edificio-030-edited-1160x1741.jpg 1160w, https:\/\/devotion.es\/wp-content\/uploads\/2026\/04\/casa-decor-2026-interior-edificio-030-edited-800x1200.jpg 800w, https:\/\/devotion.es\/wp-content\/uploads\/2026\/04\/casa-decor-2026-interior-edificio-030-edited-1024x1536.jpg 1024w, https:\/\/devotion.es\/wp-content\/uploads\/2026\/04\/casa-decor-2026-interior-edificio-030-edited-1365x2048.jpg 1365w, https:\/\/devotion.es\/wp-content\/uploads\/2026\/04\/casa-decor-2026-interior-edificio-030-edited-120x180.jpg 120w, https:\/\/devotion.es\/wp-content\/uploads\/2026\/04\/casa-decor-2026-interior-edificio-030-edited-90x135.jpg 90w, https:\/\/devotion.es\/wp-content\/uploads\/2026\/04\/casa-decor-2026-interior-edificio-030-edited-320x480.jpg 320w, https:\/\/devotion.es\/wp-content\/uploads\/2026\/04\/casa-decor-2026-interior-edificio-030-edited-560x840.jpg 560w, https:\/\/devotion.es\/wp-content\/uploads\/2026\/04\/casa-decor-2026-interior-edificio-030-edited-1920x2881.jpg 1920w, https:\/\/devotion.es\/wp-content\/uploads\/2026\/04\/casa-decor-2026-interior-edificio-030-edited-scaled.jpg 1706w\" sizes=\"auto, (max-width: 1160px) 100vw, 1160px\" \/><\/figure>\n\n\n\n<figure class=\"wp-block-image size-large\"><img loading=\"lazy\" decoding=\"async\" width=\"1160\" height=\"773\" data-id=\"3149\" src=\"https:\/\/devotion.es\/wp-content\/uploads\/2026\/04\/casa-decor-2026-interior-edificio-025-1160x773.jpg\" alt=\"\" class=\"wp-image-3149\" srcset=\"https:\/\/devotion.es\/wp-content\/uploads\/2026\/04\/casa-decor-2026-interior-edificio-025-1160x773.jpg 1160w, https:\/\/devotion.es\/wp-content\/uploads\/2026\/04\/casa-decor-2026-interior-edificio-025-800x533.jpg 800w, https:\/\/devotion.es\/wp-content\/uploads\/2026\/04\/casa-decor-2026-interior-edificio-025-scaled.jpg 2560w\" sizes=\"auto, (max-width: 1160px) 100vw, 1160px\" \/><\/figure>\n\n\n\n<figure class=\"wp-block-image size-large\"><img loading=\"lazy\" decoding=\"async\" width=\"1160\" height=\"1740\" data-id=\"3151\" src=\"https:\/\/devotion.es\/wp-content\/uploads\/2026\/04\/casa-decor-2026-interior-edificio-031-1160x1740.jpg\" alt=\"\" class=\"wp-image-3151\" srcset=\"https:\/\/devotion.es\/wp-content\/uploads\/2026\/04\/casa-decor-2026-interior-edificio-031-1160x1740.jpg 1160w, https:\/\/devotion.es\/wp-content\/uploads\/2026\/04\/casa-decor-2026-interior-edificio-031-800x1200.jpg 800w, https:\/\/devotion.es\/wp-content\/uploads\/2026\/04\/casa-decor-2026-interior-edificio-031-1024x1536.jpg 1024w, https:\/\/devotion.es\/wp-content\/uploads\/2026\/04\/casa-decor-2026-interior-edificio-031-1365x2048.jpg 1365w, https:\/\/devotion.es\/wp-content\/uploads\/2026\/04\/casa-decor-2026-interior-edificio-031-120x180.jpg 120w, https:\/\/devotion.es\/wp-content\/uploads\/2026\/04\/casa-decor-2026-interior-edificio-031-90x135.jpg 90w, https:\/\/devotion.es\/wp-content\/uploads\/2026\/04\/casa-decor-2026-interior-edificio-031-320x480.jpg 320w, https:\/\/devotion.es\/wp-content\/uploads\/2026\/04\/casa-decor-2026-interior-edificio-031-560x840.jpg 560w, https:\/\/devotion.es\/wp-content\/uploads\/2026\/04\/casa-decor-2026-interior-edificio-031-1920x2880.jpg 1920w, https:\/\/devotion.es\/wp-content\/uploads\/2026\/04\/casa-decor-2026-interior-edificio-031-scaled.jpg 1707w\" sizes=\"auto, (max-width: 1160px) 100vw, 1160px\" \/><\/figure>\n<\/figure>\n\n\n\n<h3 id=\"una-experiencia-sensorial-completa\" class=\"wp-block-heading\">Una Experiencia Sensorial Completa<\/h3>\n\n\n\n<p class=\"wp-block-paragraph\">Como es habitual en Casa Decor, la experiencia trasciende lo visual. La gastronom\u00eda tendr\u00e1 sello propio de la mano de <strong>Triciclo<\/strong>, emblema del Barrio de las Letras, que llevar\u00e1 su cocina de mercado y honestidad culinaria a la exposici\u00f3n. Adem\u00e1s, la edici\u00f3n mantiene su compromiso social apoyando a la ONG <strong>KASSUMAY<\/strong>, que trabaja por el empoderamiento de mujeres en situaci\u00f3n de vulnerabilidad en Espa\u00f1a y Senegal.<\/p>\n\n\n\n<figure class=\"wp-block-gallery has-nested-images columns-default is-cropped wp-block-gallery-2 is-layout-flex wp-block-gallery-is-layout-flex\">\n<figure class=\"wp-block-image size-large\"><img loading=\"lazy\" decoding=\"async\" width=\"464\" height=\"704\" data-id=\"3154\" src=\"https:\/\/devotion.es\/wp-content\/uploads\/2026\/04\/Captura-de-pantalla-2026-04-05-a-las-22.16.51.png\" alt=\"\" class=\"wp-image-3154\" srcset=\"https:\/\/devotion.es\/wp-content\/uploads\/2026\/04\/Captura-de-pantalla-2026-04-05-a-las-22.16.51.png 464w, https:\/\/devotion.es\/wp-content\/uploads\/2026\/04\/Captura-de-pantalla-2026-04-05-a-las-22.16.51-120x182.png 120w, https:\/\/devotion.es\/wp-content\/uploads\/2026\/04\/Captura-de-pantalla-2026-04-05-a-las-22.16.51-90x137.png 90w, https:\/\/devotion.es\/wp-content\/uploads\/2026\/04\/Captura-de-pantalla-2026-04-05-a-las-22.16.51-320x486.png 320w\" sizes=\"auto, (max-width: 464px) 100vw, 464px\" \/><\/figure>\n\n\n\n<figure class=\"wp-block-image size-large\"><img loading=\"lazy\" decoding=\"async\" width=\"367\" height=\"547\" data-id=\"3156\" src=\"https:\/\/devotion.es\/wp-content\/uploads\/2026\/04\/Captura-de-pantalla-2026-04-05-a-las-22.17.05-edited.png\" alt=\"\" class=\"wp-image-3156\" srcset=\"https:\/\/devotion.es\/wp-content\/uploads\/2026\/04\/Captura-de-pantalla-2026-04-05-a-las-22.17.05-edited.png 367w, https:\/\/devotion.es\/wp-content\/uploads\/2026\/04\/Captura-de-pantalla-2026-04-05-a-las-22.17.05-edited-120x179.png 120w, https:\/\/devotion.es\/wp-content\/uploads\/2026\/04\/Captura-de-pantalla-2026-04-05-a-las-22.17.05-edited-90x134.png 90w, https:\/\/devotion.es\/wp-content\/uploads\/2026\/04\/Captura-de-pantalla-2026-04-05-a-las-22.17.05-edited-320x477.png 320w\" sizes=\"auto, (max-width: 367px) 100vw, 367px\" \/><\/figure>\n<\/figure>\n\n\n\n<p class=\"wp-block-paragraph\">Ubicado a un paso del <strong>Paisaje de la Luz<\/strong> (Patrimonio Mundial por la UNESCO), Casa Decor 2026 promete ser un di\u00e1logo vibrante entre el patrimonio hist\u00f3rico de Madrid y la vanguardia del dise\u00f1o internacional.<\/p>\n\n\n\n<p class=\"wp-block-paragraph\"><strong>Toma nota:<\/strong><\/p>\n\n\n\n<p class=\"wp-block-paragraph\"><strong>El imperdible:<\/strong> El futuro <em>hall<\/em> del hotel Sir Agustin, donde la arquitectura cl\u00e1sica se encontrar\u00e1 con la innovaci\u00f3n de Casa Decor.<\/p>\n\n\n\n<p class=\"wp-block-paragraph\"><strong>Cita:<\/strong> Del 9 de abril al 24 de mayo de 2026.<\/p>\n\n\n\n<p class=\"wp-block-paragraph\"><strong>Lugar:<\/strong> Calle San Agust\u00edn 11, Madrid.<\/p>\n","protected":false},"excerpt":{"rendered":"<p>Madrid se prepara para recibir la edici\u00f3n m\u00e1s literaria y art\u00edstica de Casa Decor. Del 9 de abril al 24 de mayo de 2026, el hist\u00f3rico Barrio de las Letras&hellip;<\/p>\n","protected":false},"author":1,"featured_media":3147,"comment_status":"open","ping_status":"open","sticky":false,"template":"","format":"standard","meta":{"_monsterinsights_skip_tracking":false,"_monsterinsights_sitenote_active":false,"_monsterinsights_sitenote_note":"","_monsterinsights_sitenote_category":0,"footnotes":""},"categories":[19,10,9],"tags":[],"powerkit_post_featured":[],"class_list":["post-3146","post","type-post","status-publish","format-standard","has-post-thumbnail","category-eventos","category-lifestyle","category-news"],"aioseo_notices":[],"_links":{"self":[{"href":"https:\/\/devotion.es\/index.php?rest_route=\/wp\/v2\/posts\/3146","targetHints":{"allow":["GET"]}}],"collection":[{"href":"https:\/\/devotion.es\/index.php?rest_route=\/wp\/v2\/posts"}],"about":[{"href":"https:\/\/devotion.es\/index.php?rest_route=\/wp\/v2\/types\/post"}],"author":[{"embeddable":true,"href":"https:\/\/devotion.es\/index.php?rest_route=\/wp\/v2\/users\/1"}],"replies":[{"embeddable":true,"href":"https:\/\/devotion.es\/index.php?rest_route=%2Fwp%2Fv2%2Fcomments&post=3146"}],"version-history":[{"count":1,"href":"https:\/\/devotion.es\/index.php?rest_route=\/wp\/v2\/posts\/3146\/revisions"}],"predecessor-version":[{"id":3158,"href":"https:\/\/devotion.es\/index.php?rest_route=\/wp\/v2\/posts\/3146\/revisions\/3158"}],"wp:featuredmedia":[{"embeddable":true,"href":"https:\/\/devotion.es\/index.php?rest_route=\/wp\/v2\/media\/3147"}],"wp:attachment":[{"href":"https:\/\/devotion.es\/index.php?rest_route=%2Fwp%2Fv2%2Fmedia&parent=3146"}],"wp:term":[{"taxonomy":"category","embeddable":true,"href":"https:\/\/devotion.es\/index.php?rest_route=%2Fwp%2Fv2%2Fcategories&post=3146"},{"taxonomy":"post_tag","embeddable":true,"href":"https:\/\/devotion.es\/index.php?rest_route=%2Fwp%2Fv2%2Ftags&post=3146"},{"taxonomy":"powerkit_post_featured","embeddable":true,"href":"https:\/\/devotion.es\/index.php?rest_route=%2Fwp%2Fv2%2Fpowerkit_post_featured&post=3146"}],"curies":[{"name":"wp","href":"https:\/\/api.w.org\/{rel}","templated":true}]}}